{"id":5478,"date":"2026-01-05T12:22:35","date_gmt":"2026-01-05T11:22:35","guid":{"rendered":"https:\/\/gymes.eu\/?p=3923"},"modified":"2026-01-05T12:22:35","modified_gmt":"2026-01-05T11:22:35","slug":"pripravny-kurz-pre-buducich-prvakov","status":"publish","type":"post","link":"https:\/\/gymes.eu\/en\/2026\/01\/05\/pripravny-kurz-pre-buducich-prvakov\/","title":{"rendered":"\ud83c\udf92\u00a0GYMES Pr\u00edpravn\u00fd kurz pre bud\u00facich prv\u00e1kov\u00a0\ud83c\udf93\u00a0"},"content":{"rendered":"<p class=\"wp-block-paragraph\">Mil\u00ed \u00f4smaci a\u202fdeviataci, v\u00e1\u017een\u00ed rodi\u010dia,&nbsp;<br>aj v tomto \u0161kolskom roku v\u00e1m pon\u00fakame mo\u017enos\u0165&nbsp;absolvova\u0165&nbsp;<strong>GYMES Pr\u00edpravn\u00fd&nbsp;kurz<\/strong>, ktor\u00fd pom\u00f4\u017ee bud\u00facim prv\u00e1kom lep\u0161ie sa pripravi\u0165 na prij\u00edmacie sk\u00fa\u0161ky.&nbsp;<\/p>\n\n\n\n<p class=\"wp-block-paragraph\">\ud83d\udcd8&nbsp;<strong>\u010co kurz pon\u00faka?<\/strong>&nbsp;<br>\u2714\ufe0f&nbsp;vopred&nbsp;elektronicky zaslan\u00e9&nbsp;vzorov\u00e9 testy&nbsp;zo&nbsp;slovensk\u00e9ho jazyka, matematiky a anglick\u00e9ho jazyka,&nbsp;<br>\u2714\ufe0f&nbsp;po\u010das kurzu&nbsp;spolo\u010dn\u00e9 rozobratie spr\u00e1vnych odpoved\u00ed,&nbsp;<br>\u2714\ufe0f&nbsp;priestor na ot\u00e1zky a odpovede s\u202fu\u010dite\u013emi, ktor\u00ed dan\u00e9 predmety na&nbsp;GYMESe&nbsp;vyu\u010duj\u00fa,&nbsp;<br>\u2714\ufe0f&nbsp;praktick\u00e9 inform\u00e1cie o po\u017eiadavk\u00e1ch na prij\u00edmacie (talentov\u00e9) sk\u00fa\u0161ky.&nbsp;<br>&nbsp;<\/p>\n\n\n\n<p class=\"wp-block-paragraph\">\ud83d\udce9\u00a0<strong>Ako sa prihl\u00e1si\u0165?<\/strong>\u00a0<br>Na adresu\ud83d\udc49\u00a0<strong>pripravny.kurz@gymes.eu<\/strong>\u00a0po\u0161lite e-mail s kontaktn\u00fdmi \u00fadajmi \u017eiaka a\u00a0<strong>potvrden\u00edm o zaplaten\u00ed pr\u00edspevku 25 \u20ac<\/strong>\u00a0na\u00a0\ud83d\udcb3sponzorsk\u00fd \u00fa\u010det \u0161koly\u00a0&#8211;\u00a0<br><strong><em>IBAN: SK75 0900 0000 0050 5145 0290\u00a0<br>N\u00e1zov \u00fa\u010dtu:\u00a0 Gymn\u00e1zium sv. Edity Steinovej, Charkovsk\u00e1 1, Ko\u0161ice<\/em><\/strong><br>\u00a0<\/p>\n\n\n\n<p class=\"wp-block-paragraph\">\ud83d\uddd3&nbsp;Uz\u00e1vierka prihlasovania:&nbsp;<strong>13.&nbsp;febru\u00e1r&nbsp;2026<\/strong>&nbsp;<\/p>\n\n\n\n<p class=\"wp-block-paragraph\">\ud83d\udcc5&nbsp;<strong>Term\u00edn kurzu:<\/strong>&nbsp;<strong>21. febru\u00e1r 2026 (sobota)<\/strong>&nbsp;&nbsp;&nbsp;<\/p>\n\n\n\n<p class=\"wp-block-paragraph\">Materi\u00e1ly bud\u00fa rozoslan\u00e9 v elektronickej podobe po 13. 2. 2026.&nbsp;<\/p>\n\n\n\n<p class=\"wp-block-paragraph\">\u2728&nbsp;Te\u0161\u00edme sa na v\u00e1s a na spolo\u010dn\u00fa pr\u00edpravu na nov\u00fd krok v \u0161tudentskom \u017eivote&nbsp;<\/p>\n\n\n<div class=\"wp-block-image\">\n<figure class=\"aligncenter size-large\"><img decoding=\"async\" src=\"https:\/\/gymes.eu\/wp-content\/uploads\/2026\/01\/Pripravny-kurz-2026-726x1024.jpg\" alt=\"\" class=\"wp-image-3924\"\/><\/figure>\n<\/div>","protected":false},"excerpt":{"rendered":"<p>Mil\u00ed \u00f4smaci a\u202fdeviataci, v\u00e1\u017een\u00ed rodi\u010dia,&nbsp;aj v tomto \u0161kolskom roku v\u00e1m pon\u00fakame mo\u017enos\u0165&nbsp;absolvova\u0165&nbsp;GYMES Pr\u00edpravn\u00fd&nbsp;kurz, ktor\u00fd pom\u00f4\u017ee bud\u00facim prv\u00e1kom lep\u0161ie sa pripravi\u0165 na prij\u00edmacie sk\u00fa\u0161ky.&nbsp; \ud83d\udcd8&nbsp;\u010co kurz pon\u00faka?&nbsp;\u2714\ufe0f&nbsp;vopred&nbsp;elektronicky zaslan\u00e9&nbsp;vzorov\u00e9 testy&nbsp;zo&nbsp;slovensk\u00e9ho jazyka, matematiky a anglick\u00e9ho jazyka,&nbsp;\u2714\ufe0f&nbsp;po\u010das kurzu&nbsp;spolo\u010dn\u00e9 rozobratie spr\u00e1vnych odpoved\u00ed,&nbsp;\u2714\ufe0f&nbsp;priestor na ot\u00e1zky a odpovede s\u202fu\u010dite\u013emi, ktor\u00ed dan\u00e9 predmety na&nbsp;GYMESe&nbsp;vyu\u010duj\u00fa,&nbsp;\u2714\ufe0f&nbsp;praktick\u00e9 inform\u00e1cie o po\u017eiadavk\u00e1ch na prij\u00edmacie (talentov\u00e9) sk\u00fa\u0161ky.&nbsp;&nbsp; \ud83d\udce9\u00a0Ako sa [&hellip;]<\/p>\n","protected":false},"author":2,"featured_media":0,"comment_status":"closed","ping_status":"closed","sticky":false,"template":"","format":"standard","meta":{"_acf_changed":false,"rs_blank_template":"","rs_page_bg_color":"","slide_template_v7":"","_monsterinsights_skip_tracking":false,"footnotes":""},"categories":[26,16],"tags":[107,27,24,20,109],"class_list":["post-5478","post","type-post","status-publish","format-standard","hentry","category-event","category-oznamy","tag-2025-2026","tag-event","tag-gymes","tag-gymeske","tag-pripravny-kurz"],"acf":[],"featured_image_src":{"landsacpe":false,"list":false,"medium":false,"full":false},"yoast_head":"<!-- This site is optimized with the Yoast SEO plugin v28.3 - https:\/\/yoast.com\/product\/yoast-seo-wordpress\/ -->\n<title>\ud83c\udf92\u00a0GYMES Pr\u00edpravn\u00fd kurz pre bud\u00facich prv\u00e1kov\u00a0\ud83c\udf93\u00a0 - Gymn\u00e1zium sv. Edity Steinovej<\/title>\n<meta name=\"robots\" content=\"index, follow, max-snippet:-1, max-image-preview:large, max-video-preview:-1\" \/>\n<link rel=\"canonical\" href=\"https:\/\/gymes.eu\/en\/2026\/01\/05\/pripravny-kurz-pre-buducich-prvakov\/\" \/>\n<meta property=\"og:locale\" content=\"en_GB\" \/>\n<meta property=\"og:type\" content=\"article\" \/>\n<meta property=\"og:title\" content=\"\ud83c\udf92\u00a0GYMES Pr\u00edpravn\u00fd kurz pre bud\u00facich prv\u00e1kov\u00a0\ud83c\udf93\u00a0 - Gymn\u00e1zium sv. Edity Steinovej\" \/>\n<meta property=\"og:description\" content=\"Mil\u00ed \u00f4smaci a\u202fdeviataci, v\u00e1\u017een\u00ed rodi\u010dia,&nbsp;aj v tomto \u0161kolskom roku v\u00e1m pon\u00fakame mo\u017enos\u0165&nbsp;absolvova\u0165&nbsp;GYMES Pr\u00edpravn\u00fd&nbsp;kurz, ktor\u00fd pom\u00f4\u017ee bud\u00facim prv\u00e1kom lep\u0161ie sa pripravi\u0165 na prij\u00edmacie sk\u00fa\u0161ky.&nbsp; \ud83d\udcd8&nbsp;\u010co kurz pon\u00faka?&nbsp;\u2714\ufe0f&nbsp;vopred&nbsp;elektronicky zaslan\u00e9&nbsp;vzorov\u00e9 testy&nbsp;zo&nbsp;slovensk\u00e9ho jazyka, matematiky a anglick\u00e9ho jazyka,&nbsp;\u2714\ufe0f&nbsp;po\u010das kurzu&nbsp;spolo\u010dn\u00e9 rozobratie spr\u00e1vnych odpoved\u00ed,&nbsp;\u2714\ufe0f&nbsp;priestor na ot\u00e1zky a odpovede s\u202fu\u010dite\u013emi, ktor\u00ed dan\u00e9 predmety na&nbsp;GYMESe&nbsp;vyu\u010duj\u00fa,&nbsp;\u2714\ufe0f&nbsp;praktick\u00e9 inform\u00e1cie o po\u017eiadavk\u00e1ch na prij\u00edmacie (talentov\u00e9) sk\u00fa\u0161ky.&nbsp;&nbsp; \ud83d\udce9\u00a0Ako sa [&hellip;]\" \/>\n<meta property=\"og:url\" content=\"https:\/\/gymes.eu\/en\/2026\/01\/05\/pripravny-kurz-pre-buducich-prvakov\/\" \/>\n<meta property=\"og:site_name\" content=\"Gymn\u00e1zium sv. Edity Steinovej\" \/>\n<meta property=\"article:publisher\" content=\"https:\/\/www.facebook.com\/GYMES.official\" \/>\n<meta property=\"article:published_time\" content=\"2026-01-05T11:22:35+00:00\" \/>\n<meta name=\"author\" content=\"gymes\" \/>\n<meta name=\"twitter:card\" content=\"summary_large_image\" \/>\n<meta name=\"twitter:label1\" content=\"Written by\" \/>\n\t<meta name=\"twitter:data1\" content=\"gymes\" \/>\n\t<meta name=\"twitter:label2\" content=\"Estimated reading time\" \/>\n\t<meta name=\"twitter:data2\" content=\"2 minutes\" \/>\n<script type=\"application\/ld+json\" class=\"yoast-schema-graph\">{\"@context\":\"https:\\\/\\\/schema.org\",\"@graph\":[{\"@type\":\"Article\",\"@id\":\"https:\\\/\\\/gymes.eu\\\/2026\\\/01\\\/05\\\/pripravny-kurz-pre-buducich-prvakov\\\/#article\",\"isPartOf\":{\"@id\":\"https:\\\/\\\/gymes.eu\\\/2026\\\/01\\\/05\\\/pripravny-kurz-pre-buducich-prvakov\\\/\"},\"author\":{\"name\":\"gymes\",\"@id\":\"https:\\\/\\\/gymes.eu\\\/#\\\/schema\\\/person\\\/f24d3742350d642be8c21fd9aeccd085\"},\"headline\":\"\ud83c\udf92\u00a0GYMES Pr\u00edpravn\u00fd kurz pre bud\u00facich prv\u00e1kov\u00a0\ud83c\udf93\u00a0\",\"datePublished\":\"2026-01-05T11:22:35+00:00\",\"mainEntityOfPage\":{\"@id\":\"https:\\\/\\\/gymes.eu\\\/2026\\\/01\\\/05\\\/pripravny-kurz-pre-buducich-prvakov\\\/\"},\"wordCount\":222,\"publisher\":{\"@id\":\"https:\\\/\\\/gymes.eu\\\/#organization\"},\"image\":{\"@id\":\"https:\\\/\\\/gymes.eu\\\/2026\\\/01\\\/05\\\/pripravny-kurz-pre-buducich-prvakov\\\/#primaryimage\"},\"thumbnailUrl\":\"https:\\\/\\\/gymes.eu\\\/wp-content\\\/uploads\\\/2026\\\/01\\\/Pripravny-kurz-2026-726x1024.jpg\",\"keywords\":[\"2025\\\/2026\",\"Event\",\"GYMES\",\"GYMESKE\",\"Pr\u00edpravn\u00fd kurz\"],\"articleSection\":[\"Event\",\"Oznamy\"],\"inLanguage\":\"en-GB\"},{\"@type\":\"WebPage\",\"@id\":\"https:\\\/\\\/gymes.eu\\\/2026\\\/01\\\/05\\\/pripravny-kurz-pre-buducich-prvakov\\\/\",\"url\":\"https:\\\/\\\/gymes.eu\\\/2026\\\/01\\\/05\\\/pripravny-kurz-pre-buducich-prvakov\\\/\",\"name\":\"\ud83c\udf92\u00a0GYMES Pr\u00edpravn\u00fd kurz pre bud\u00facich prv\u00e1kov\u00a0\ud83c\udf93\u00a0 - Gymn\u00e1zium sv. Edity Steinovej\",\"isPartOf\":{\"@id\":\"https:\\\/\\\/gymes.eu\\\/#website\"},\"primaryImageOfPage\":{\"@id\":\"https:\\\/\\\/gymes.eu\\\/2026\\\/01\\\/05\\\/pripravny-kurz-pre-buducich-prvakov\\\/#primaryimage\"},\"image\":{\"@id\":\"https:\\\/\\\/gymes.eu\\\/2026\\\/01\\\/05\\\/pripravny-kurz-pre-buducich-prvakov\\\/#primaryimage\"},\"thumbnailUrl\":\"https:\\\/\\\/gymes.eu\\\/wp-content\\\/uploads\\\/2026\\\/01\\\/Pripravny-kurz-2026-726x1024.jpg\",\"datePublished\":\"2026-01-05T11:22:35+00:00\",\"breadcrumb\":{\"@id\":\"https:\\\/\\\/gymes.eu\\\/2026\\\/01\\\/05\\\/pripravny-kurz-pre-buducich-prvakov\\\/#breadcrumb\"},\"inLanguage\":\"en-GB\",\"potentialAction\":[{\"@type\":\"ReadAction\",\"target\":[\"https:\\\/\\\/gymes.eu\\\/2026\\\/01\\\/05\\\/pripravny-kurz-pre-buducich-prvakov\\\/\"]}]},{\"@type\":\"ImageObject\",\"inLanguage\":\"en-GB\",\"@id\":\"https:\\\/\\\/gymes.eu\\\/2026\\\/01\\\/05\\\/pripravny-kurz-pre-buducich-prvakov\\\/#primaryimage\",\"url\":\"https:\\\/\\\/gymes.eu\\\/wp-content\\\/uploads\\\/2026\\\/01\\\/Pripravny-kurz-2026-726x1024.jpg\",\"contentUrl\":\"https:\\\/\\\/gymes.eu\\\/wp-content\\\/uploads\\\/2026\\\/01\\\/Pripravny-kurz-2026-726x1024.jpg\"},{\"@type\":\"BreadcrumbList\",\"@id\":\"https:\\\/\\\/gymes.eu\\\/2026\\\/01\\\/05\\\/pripravny-kurz-pre-buducich-prvakov\\\/#breadcrumb\",\"itemListElement\":[{\"@type\":\"ListItem\",\"position\":1,\"name\":\"Home\",\"item\":\"https:\\\/\\\/gymes.eu\\\/\"},{\"@type\":\"ListItem\",\"position\":2,\"name\":\"\ud83c\udf92\u00a0GYMES Pr\u00edpravn\u00fd kurz pre bud\u00facich prv\u00e1kov\u00a0\ud83c\udf93\u00a0\"}]},{\"@type\":\"WebSite\",\"@id\":\"https:\\\/\\\/gymes.eu\\\/#website\",\"url\":\"https:\\\/\\\/gymes.eu\\\/\",\"name\":\"Gymn\u00e1zium sv. Edity Steinovej\",\"description\":\"\",\"publisher\":{\"@id\":\"https:\\\/\\\/gymes.eu\\\/#organization\"},\"potentialAction\":[{\"@type\":\"SearchAction\",\"target\":{\"@type\":\"EntryPoint\",\"urlTemplate\":\"https:\\\/\\\/gymes.eu\\\/?s={search_term_string}\"},\"query-input\":{\"@type\":\"PropertyValueSpecification\",\"valueRequired\":true,\"valueName\":\"search_term_string\"}}],\"inLanguage\":\"en-GB\"},{\"@type\":\"Organization\",\"@id\":\"https:\\\/\\\/gymes.eu\\\/#organization\",\"name\":\"Gymn\u00e1zium sv. Edity Steinovej\",\"url\":\"https:\\\/\\\/gymes.eu\\\/\",\"logo\":{\"@type\":\"ImageObject\",\"inLanguage\":\"en-GB\",\"@id\":\"https:\\\/\\\/gymes.eu\\\/#\\\/schema\\\/logo\\\/image\\\/\",\"url\":\"https:\\\/\\\/gymes.eu\\\/wp-content\\\/uploads\\\/2024\\\/11\\\/gymesWEB.png\",\"contentUrl\":\"https:\\\/\\\/gymes.eu\\\/wp-content\\\/uploads\\\/2024\\\/11\\\/gymesWEB.png\",\"width\":300,\"height\":300,\"caption\":\"Gymn\u00e1zium sv. Edity Steinovej\"},\"image\":{\"@id\":\"https:\\\/\\\/gymes.eu\\\/#\\\/schema\\\/logo\\\/image\\\/\"},\"sameAs\":[\"https:\\\/\\\/www.facebook.com\\\/GYMES.official\"]},{\"@type\":\"Person\",\"@id\":\"https:\\\/\\\/gymes.eu\\\/#\\\/schema\\\/person\\\/f24d3742350d642be8c21fd9aeccd085\",\"name\":\"gymes\",\"image\":{\"@type\":\"ImageObject\",\"inLanguage\":\"en-GB\",\"@id\":\"https:\\\/\\\/secure.gravatar.com\\\/avatar\\\/5ffd6d49a25a23e54b954e2afda726cfbb59c3117d8f31d947b0a0cbb6f7cca7?s=96&d=mm&r=g\",\"url\":\"https:\\\/\\\/secure.gravatar.com\\\/avatar\\\/5ffd6d49a25a23e54b954e2afda726cfbb59c3117d8f31d947b0a0cbb6f7cca7?s=96&d=mm&r=g\",\"contentUrl\":\"https:\\\/\\\/secure.gravatar.com\\\/avatar\\\/5ffd6d49a25a23e54b954e2afda726cfbb59c3117d8f31d947b0a0cbb6f7cca7?s=96&d=mm&r=g\",\"caption\":\"gymes\"},\"url\":\"https:\\\/\\\/gymes.eu\\\/en\\\/author\\\/gymes\\\/\"}]}<\/script>\n<!-- \/ Yoast SEO plugin. -->","yoast_head_json":{"title":"\ud83c\udf92\u00a0GYMES Pr\u00edpravn\u00fd kurz pre bud\u00facich prv\u00e1kov\u00a0\ud83c\udf93\u00a0 - Gymn\u00e1zium sv. Edity Steinovej","robots":{"index":"index","follow":"follow","max-snippet":"max-snippet:-1","max-image-preview":"max-image-preview:large","max-video-preview":"max-video-preview:-1"},"canonical":"https:\/\/gymes.eu\/en\/2026\/01\/05\/pripravny-kurz-pre-buducich-prvakov\/","og_locale":"en_GB","og_type":"article","og_title":"\ud83c\udf92\u00a0GYMES Pr\u00edpravn\u00fd kurz pre bud\u00facich prv\u00e1kov\u00a0\ud83c\udf93\u00a0 - Gymn\u00e1zium sv. Edity Steinovej","og_description":"Mil\u00ed \u00f4smaci a\u202fdeviataci, v\u00e1\u017een\u00ed rodi\u010dia,&nbsp;aj v tomto \u0161kolskom roku v\u00e1m pon\u00fakame mo\u017enos\u0165&nbsp;absolvova\u0165&nbsp;GYMES Pr\u00edpravn\u00fd&nbsp;kurz, ktor\u00fd pom\u00f4\u017ee bud\u00facim prv\u00e1kom lep\u0161ie sa pripravi\u0165 na prij\u00edmacie sk\u00fa\u0161ky.&nbsp; \ud83d\udcd8&nbsp;\u010co kurz pon\u00faka?&nbsp;\u2714\ufe0f&nbsp;vopred&nbsp;elektronicky zaslan\u00e9&nbsp;vzorov\u00e9 testy&nbsp;zo&nbsp;slovensk\u00e9ho jazyka, matematiky a anglick\u00e9ho jazyka,&nbsp;\u2714\ufe0f&nbsp;po\u010das kurzu&nbsp;spolo\u010dn\u00e9 rozobratie spr\u00e1vnych odpoved\u00ed,&nbsp;\u2714\ufe0f&nbsp;priestor na ot\u00e1zky a odpovede s\u202fu\u010dite\u013emi, ktor\u00ed dan\u00e9 predmety na&nbsp;GYMESe&nbsp;vyu\u010duj\u00fa,&nbsp;\u2714\ufe0f&nbsp;praktick\u00e9 inform\u00e1cie o po\u017eiadavk\u00e1ch na prij\u00edmacie (talentov\u00e9) sk\u00fa\u0161ky.&nbsp;&nbsp; \ud83d\udce9\u00a0Ako sa [&hellip;]","og_url":"https:\/\/gymes.eu\/en\/2026\/01\/05\/pripravny-kurz-pre-buducich-prvakov\/","og_site_name":"Gymn\u00e1zium sv. Edity Steinovej","article_publisher":"https:\/\/www.facebook.com\/GYMES.official","article_published_time":"2026-01-05T11:22:35+00:00","author":"gymes","twitter_card":"summary_large_image","twitter_misc":{"Written by":"gymes","Estimated reading time":"2 minutes"},"schema":{"@context":"https:\/\/schema.org","@graph":[{"@type":"Article","@id":"https:\/\/gymes.eu\/2026\/01\/05\/pripravny-kurz-pre-buducich-prvakov\/#article","isPartOf":{"@id":"https:\/\/gymes.eu\/2026\/01\/05\/pripravny-kurz-pre-buducich-prvakov\/"},"author":{"name":"gymes","@id":"https:\/\/gymes.eu\/#\/schema\/person\/f24d3742350d642be8c21fd9aeccd085"},"headline":"\ud83c\udf92\u00a0GYMES Pr\u00edpravn\u00fd kurz pre bud\u00facich prv\u00e1kov\u00a0\ud83c\udf93\u00a0","datePublished":"2026-01-05T11:22:35+00:00","mainEntityOfPage":{"@id":"https:\/\/gymes.eu\/2026\/01\/05\/pripravny-kurz-pre-buducich-prvakov\/"},"wordCount":222,"publisher":{"@id":"https:\/\/gymes.eu\/#organization"},"image":{"@id":"https:\/\/gymes.eu\/2026\/01\/05\/pripravny-kurz-pre-buducich-prvakov\/#primaryimage"},"thumbnailUrl":"https:\/\/gymes.eu\/wp-content\/uploads\/2026\/01\/Pripravny-kurz-2026-726x1024.jpg","keywords":["2025\/2026","Event","GYMES","GYMESKE","Pr\u00edpravn\u00fd kurz"],"articleSection":["Event","Oznamy"],"inLanguage":"en-GB"},{"@type":"WebPage","@id":"https:\/\/gymes.eu\/2026\/01\/05\/pripravny-kurz-pre-buducich-prvakov\/","url":"https:\/\/gymes.eu\/2026\/01\/05\/pripravny-kurz-pre-buducich-prvakov\/","name":"\ud83c\udf92\u00a0GYMES Pr\u00edpravn\u00fd kurz pre bud\u00facich prv\u00e1kov\u00a0\ud83c\udf93\u00a0 - Gymn\u00e1zium sv. Edity Steinovej","isPartOf":{"@id":"https:\/\/gymes.eu\/#website"},"primaryImageOfPage":{"@id":"https:\/\/gymes.eu\/2026\/01\/05\/pripravny-kurz-pre-buducich-prvakov\/#primaryimage"},"image":{"@id":"https:\/\/gymes.eu\/2026\/01\/05\/pripravny-kurz-pre-buducich-prvakov\/#primaryimage"},"thumbnailUrl":"https:\/\/gymes.eu\/wp-content\/uploads\/2026\/01\/Pripravny-kurz-2026-726x1024.jpg","datePublished":"2026-01-05T11:22:35+00:00","breadcrumb":{"@id":"https:\/\/gymes.eu\/2026\/01\/05\/pripravny-kurz-pre-buducich-prvakov\/#breadcrumb"},"inLanguage":"en-GB","potentialAction":[{"@type":"ReadAction","target":["https:\/\/gymes.eu\/2026\/01\/05\/pripravny-kurz-pre-buducich-prvakov\/"]}]},{"@type":"ImageObject","inLanguage":"en-GB","@id":"https:\/\/gymes.eu\/2026\/01\/05\/pripravny-kurz-pre-buducich-prvakov\/#primaryimage","url":"https:\/\/gymes.eu\/wp-content\/uploads\/2026\/01\/Pripravny-kurz-2026-726x1024.jpg","contentUrl":"https:\/\/gymes.eu\/wp-content\/uploads\/2026\/01\/Pripravny-kurz-2026-726x1024.jpg"},{"@type":"BreadcrumbList","@id":"https:\/\/gymes.eu\/2026\/01\/05\/pripravny-kurz-pre-buducich-prvakov\/#breadcrumb","itemListElement":[{"@type":"ListItem","position":1,"name":"Home","item":"https:\/\/gymes.eu\/"},{"@type":"ListItem","position":2,"name":"\ud83c\udf92\u00a0GYMES Pr\u00edpravn\u00fd kurz pre bud\u00facich prv\u00e1kov\u00a0\ud83c\udf93\u00a0"}]},{"@type":"WebSite","@id":"https:\/\/gymes.eu\/#website","url":"https:\/\/gymes.eu\/","name":"Gymn\u00e1zium sv. Edity Steinovej","description":"","publisher":{"@id":"https:\/\/gymes.eu\/#organization"},"potentialAction":[{"@type":"SearchAction","target":{"@type":"EntryPoint","urlTemplate":"https:\/\/gymes.eu\/?s={search_term_string}"},"query-input":{"@type":"PropertyValueSpecification","valueRequired":true,"valueName":"search_term_string"}}],"inLanguage":"en-GB"},{"@type":"Organization","@id":"https:\/\/gymes.eu\/#organization","name":"Gymn\u00e1zium sv. Edity Steinovej","url":"https:\/\/gymes.eu\/","logo":{"@type":"ImageObject","inLanguage":"en-GB","@id":"https:\/\/gymes.eu\/#\/schema\/logo\/image\/","url":"https:\/\/gymes.eu\/wp-content\/uploads\/2024\/11\/gymesWEB.png","contentUrl":"https:\/\/gymes.eu\/wp-content\/uploads\/2024\/11\/gymesWEB.png","width":300,"height":300,"caption":"Gymn\u00e1zium sv. Edity Steinovej"},"image":{"@id":"https:\/\/gymes.eu\/#\/schema\/logo\/image\/"},"sameAs":["https:\/\/www.facebook.com\/GYMES.official"]},{"@type":"Person","@id":"https:\/\/gymes.eu\/#\/schema\/person\/f24d3742350d642be8c21fd9aeccd085","name":"gymes","image":{"@type":"ImageObject","inLanguage":"en-GB","@id":"https:\/\/secure.gravatar.com\/avatar\/5ffd6d49a25a23e54b954e2afda726cfbb59c3117d8f31d947b0a0cbb6f7cca7?s=96&d=mm&r=g","url":"https:\/\/secure.gravatar.com\/avatar\/5ffd6d49a25a23e54b954e2afda726cfbb59c3117d8f31d947b0a0cbb6f7cca7?s=96&d=mm&r=g","contentUrl":"https:\/\/secure.gravatar.com\/avatar\/5ffd6d49a25a23e54b954e2afda726cfbb59c3117d8f31d947b0a0cbb6f7cca7?s=96&d=mm&r=g","caption":"gymes"},"url":"https:\/\/gymes.eu\/en\/author\/gymes\/"}]}},"_links":{"self":[{"href":"https:\/\/gymes.eu\/en\/wp-json\/wp\/v2\/posts\/5478","targetHints":{"allow":["GET"]}}],"collection":[{"href":"https:\/\/gymes.eu\/en\/wp-json\/wp\/v2\/posts"}],"about":[{"href":"https:\/\/gymes.eu\/en\/wp-json\/wp\/v2\/types\/post"}],"author":[{"embeddable":true,"href":"https:\/\/gymes.eu\/en\/wp-json\/wp\/v2\/users\/2"}],"replies":[{"embeddable":true,"href":"https:\/\/gymes.eu\/en\/wp-json\/wp\/v2\/comments?post=5478"}],"version-history":[{"count":0,"href":"https:\/\/gymes.eu\/en\/wp-json\/wp\/v2\/posts\/5478\/revisions"}],"wp:attachment":[{"href":"https:\/\/gymes.eu\/en\/wp-json\/wp\/v2\/media?parent=5478"}],"wp:term":[{"taxonomy":"category","embeddable":true,"href":"https:\/\/gymes.eu\/en\/wp-json\/wp\/v2\/categories?post=5478"},{"taxonomy":"post_tag","embeddable":true,"href":"https:\/\/gymes.eu\/en\/wp-json\/wp\/v2\/tags?post=5478"}],"curies":[{"name":"wp","href":"https:\/\/api.w.org\/{rel}","templated":true}]}}