{"id":5477,"date":"2026-01-05T12:19:25","date_gmt":"2026-01-05T11:19:25","guid":{"rendered":"https:\/\/gymes.eu\/?p=3919"},"modified":"2026-01-05T12:19:25","modified_gmt":"2026-01-05T11:19:25","slug":"alumni-reunion","status":"publish","type":"post","link":"https:\/\/gymes.eu\/en\/2026\/01\/05\/alumni-reunion\/","title":{"rendered":"\ud83c\udf93 GYMES ALUMNI REUNION \ud83c\udf93"},"content":{"rendered":"<p class=\"wp-block-paragraph\">V\u0161etk\u00fdm GYMES ALUMNI s ve\u013ekou rados\u0165ou oznamujeme, \u017ee 8. janu\u00e1ra 2026 sa op\u00e4\u0165&nbsp;stretneme na na\u0161om GYMES ALUMNI REUNION.&nbsp;&nbsp;<\/p>\n\n\n\n<p class=\"wp-block-paragraph\">Radi v\u00e1s, na\u0161ich drah\u00fdch absolventov, priv\u00edtame sp\u00e4\u0165&nbsp;v priestoroch&nbsp;GYMESu, kde ste str\u00e1vili kus \u017eivota. Te\u0161\u00edme sa na va\u0161e pr\u00edbehy, novinky, \u00faspechy aj spomienky, ktor\u00e9 n\u00e1m pripomen\u00fa, pre\u010do je GYMES tak\u00e1 v\u00fdnimo\u010dn\u00e1 komunita.&nbsp;<\/p>\n\n\n\n<p class=\"wp-block-paragraph\">\ud83d\udc9b\u00a0Prihl\u00e1ste sa do 7. janu\u00e1ra 2026 cez formul\u00e1r\u00a0<a href=\"https:\/\/l.facebook.com\/l.php?u=https%3A%2F%2Fforms.office.com%2Fe%2Frewg9DFW4d%3Ffbclid%3DIwZXh0bgNhZW0CMTAAYnJpZBExeGdFR1dSUzl6N2ZRdlFjR3NydGMGYXBwX2lkEDIyMjAzOTE3ODgyMDA4OTIAAR65WlFY276kT1kgDnEAyL_ra1ZJzl2sC2QFuooNfCF690nePuUNBcfoMvhe_Q_aem_qnzZffeQlkmnLD_QYM7-Ig&amp;h=AT0j-HIanLGzf9gu00ch0OPrE7YMAjDHTWmGyduQRab4Z-LulwjemEA_6y81xLndzC8c61CCFDM4GiVtRvxO6d-ZTGXxFX9oaIkuqn7W2lHgXgy95s2aiwL39tMCxQeQD8DglA-AcbNdUg&amp;__tn__=-UK-R&amp;c%5b0%5d=AT0yPzY1O59mP6kWGiL2e6JfRCgHc1MSbj5O85vClncvLDYMYi0UNLowVGeWS5tW0eZRCcVHWjiTMSEAZ8aH5ve97E9L0m9m560caxWI3d6T4jKuBhZ2kyOGmx46NQRFqBFVFlSYuYA0Azw7IMLdvplFc-zHzDn2miNCz6qT3RnkNXnncmv5rd1Zw-O5yfID5iUn5TTqnuyzTdAqYWnlL5t1rw\" target=\"_blank\" rel=\"noreferrer noopener\">https:\/\/forms.office.com\/e\/rewg9DFW4d<\/a>\u00a0\u00a0<\/p>\n\n\n\n<p class=\"wp-block-paragraph\">alebo pou\u017eite QR k\u00f3d.&nbsp;<\/p>\n\n\n\n<p class=\"wp-block-paragraph\">Zap\u00ed\u0161te si teda do di\u00e1rov, \u017ee 8. janu\u00e1ra 2026 ste v\u00a0\u010dase 15:00 \u2013 18:00 na GYMES ALUMNI REUNION\u00a0\u00a0\ud83d\ude0a<\/p>\n\n\n\n<p class=\"wp-block-paragraph\">Srde\u010dne poz\u00fdvame aj na\u0161ich b\u00fdval\u00fdch pedagogick\u00fdch a\u202fnepedagogick\u00fdch zamestnancov. Ve\u013emi radi priv\u00edtame na\u00a0GYMESe\u00a0aj v\u00e1s\u00a0\u00a0\ud83d\udc9b\ud83d\udc9b\ud83d\udc9b<\/p>\n\n\n<div class=\"wp-block-image\">\n<figure class=\"aligncenter size-large\"><img decoding=\"async\" src=\"https:\/\/gymes.eu\/wp-content\/uploads\/2026\/01\/GYMES-Alumni-Reunion-2026-726x1024.jpg\" alt=\"\" class=\"wp-image-3921\"\/><\/figure>\n<\/div>\n\n\n<p class=\"wp-block-paragraph\"><\/p>","protected":false},"excerpt":{"rendered":"<p>V\u0161etk\u00fdm GYMES ALUMNI s ve\u013ekou rados\u0165ou oznamujeme, \u017ee 8. janu\u00e1ra 2026 sa op\u00e4\u0165&nbsp;stretneme na na\u0161om GYMES ALUMNI REUNION.&nbsp;&nbsp; Radi v\u00e1s, na\u0161ich drah\u00fdch absolventov, priv\u00edtame sp\u00e4\u0165&nbsp;v priestoroch&nbsp;GYMESu, kde ste str\u00e1vili kus \u017eivota. Te\u0161\u00edme sa na va\u0161e pr\u00edbehy, novinky, \u00faspechy aj spomienky, ktor\u00e9 n\u00e1m pripomen\u00fa, pre\u010do je GYMES tak\u00e1 v\u00fdnimo\u010dn\u00e1 komunita.&nbsp; \ud83d\udc9b\u00a0Prihl\u00e1ste sa do 7. janu\u00e1ra 2026 [&hellip;]<\/p>\n","protected":false},"author":2,"featured_media":0,"comment_status":"closed","ping_status":"closed","sticky":false,"template":"","format":"standard","meta":{"_acf_changed":false,"rs_blank_template":"","rs_page_bg_color":"","slide_template_v7":"","_monsterinsights_skip_tracking":false,"footnotes":""},"categories":[26,16],"tags":[107,108,27,24,20],"class_list":["post-5477","post","type-post","status-publish","format-standard","hentry","category-event","category-oznamy","tag-2025-2026","tag-alumni","tag-event","tag-gymes","tag-gymeske"],"acf":[],"featured_image_src":{"landsacpe":false,"list":false,"medium":false,"full":false},"yoast_head":"<!-- This site is optimized with the Yoast SEO plugin v28.3 - https:\/\/yoast.com\/product\/yoast-seo-wordpress\/ -->\n<title>\ud83c\udf93 GYMES ALUMNI REUNION \ud83c\udf93 - Gymn\u00e1zium sv. Edity Steinovej<\/title>\n<meta name=\"robots\" content=\"index, follow, max-snippet:-1, max-image-preview:large, max-video-preview:-1\" \/>\n<link rel=\"canonical\" href=\"https:\/\/gymes.eu\/en\/2026\/01\/05\/alumni-reunion\/\" \/>\n<meta property=\"og:locale\" content=\"en_GB\" \/>\n<meta property=\"og:type\" content=\"article\" \/>\n<meta property=\"og:title\" content=\"\ud83c\udf93 GYMES ALUMNI REUNION \ud83c\udf93 - Gymn\u00e1zium sv. Edity Steinovej\" \/>\n<meta property=\"og:description\" content=\"V\u0161etk\u00fdm GYMES ALUMNI s ve\u013ekou rados\u0165ou oznamujeme, \u017ee 8. janu\u00e1ra 2026 sa op\u00e4\u0165&nbsp;stretneme na na\u0161om GYMES ALUMNI REUNION.&nbsp;&nbsp; Radi v\u00e1s, na\u0161ich drah\u00fdch absolventov, priv\u00edtame sp\u00e4\u0165&nbsp;v priestoroch&nbsp;GYMESu, kde ste str\u00e1vili kus \u017eivota. Te\u0161\u00edme sa na va\u0161e pr\u00edbehy, novinky, \u00faspechy aj spomienky, ktor\u00e9 n\u00e1m pripomen\u00fa, pre\u010do je GYMES tak\u00e1 v\u00fdnimo\u010dn\u00e1 komunita.&nbsp; \ud83d\udc9b\u00a0Prihl\u00e1ste sa do 7. janu\u00e1ra 2026 [&hellip;]\" \/>\n<meta property=\"og:url\" content=\"https:\/\/gymes.eu\/en\/2026\/01\/05\/alumni-reunion\/\" \/>\n<meta property=\"og:site_name\" content=\"Gymn\u00e1zium sv. Edity Steinovej\" \/>\n<meta property=\"article:publisher\" content=\"https:\/\/www.facebook.com\/GYMES.official\" \/>\n<meta property=\"article:published_time\" content=\"2026-01-05T11:19:25+00:00\" \/>\n<meta name=\"author\" content=\"gymes\" \/>\n<meta name=\"twitter:card\" content=\"summary_large_image\" \/>\n<meta name=\"twitter:label1\" content=\"Written by\" \/>\n\t<meta name=\"twitter:data1\" content=\"gymes\" \/>\n<script type=\"application\/ld+json\" class=\"yoast-schema-graph\">{\"@context\":\"https:\\\/\\\/schema.org\",\"@graph\":[{\"@type\":\"Article\",\"@id\":\"https:\\\/\\\/gymes.eu\\\/2026\\\/01\\\/05\\\/alumni-reunion\\\/#article\",\"isPartOf\":{\"@id\":\"https:\\\/\\\/gymes.eu\\\/2026\\\/01\\\/05\\\/alumni-reunion\\\/\"},\"author\":{\"name\":\"gymes\",\"@id\":\"https:\\\/\\\/gymes.eu\\\/#\\\/schema\\\/person\\\/f24d3742350d642be8c21fd9aeccd085\"},\"headline\":\"\ud83c\udf93 GYMES ALUMNI REUNION \ud83c\udf93\",\"datePublished\":\"2026-01-05T11:19:25+00:00\",\"mainEntityOfPage\":{\"@id\":\"https:\\\/\\\/gymes.eu\\\/2026\\\/01\\\/05\\\/alumni-reunion\\\/\"},\"wordCount\":144,\"publisher\":{\"@id\":\"https:\\\/\\\/gymes.eu\\\/#organization\"},\"image\":{\"@id\":\"https:\\\/\\\/gymes.eu\\\/2026\\\/01\\\/05\\\/alumni-reunion\\\/#primaryimage\"},\"thumbnailUrl\":\"https:\\\/\\\/gymes.eu\\\/wp-content\\\/uploads\\\/2026\\\/01\\\/GYMES-Alumni-Reunion-2026-726x1024.jpg\",\"keywords\":[\"2025\\\/2026\",\"Alumni\",\"Event\",\"GYMES\",\"GYMESKE\"],\"articleSection\":[\"Event\",\"Oznamy\"],\"inLanguage\":\"en-GB\"},{\"@type\":\"WebPage\",\"@id\":\"https:\\\/\\\/gymes.eu\\\/2026\\\/01\\\/05\\\/alumni-reunion\\\/\",\"url\":\"https:\\\/\\\/gymes.eu\\\/2026\\\/01\\\/05\\\/alumni-reunion\\\/\",\"name\":\"\ud83c\udf93 GYMES ALUMNI REUNION \ud83c\udf93 - Gymn\u00e1zium sv. Edity Steinovej\",\"isPartOf\":{\"@id\":\"https:\\\/\\\/gymes.eu\\\/#website\"},\"primaryImageOfPage\":{\"@id\":\"https:\\\/\\\/gymes.eu\\\/2026\\\/01\\\/05\\\/alumni-reunion\\\/#primaryimage\"},\"image\":{\"@id\":\"https:\\\/\\\/gymes.eu\\\/2026\\\/01\\\/05\\\/alumni-reunion\\\/#primaryimage\"},\"thumbnailUrl\":\"https:\\\/\\\/gymes.eu\\\/wp-content\\\/uploads\\\/2026\\\/01\\\/GYMES-Alumni-Reunion-2026-726x1024.jpg\",\"datePublished\":\"2026-01-05T11:19:25+00:00\",\"breadcrumb\":{\"@id\":\"https:\\\/\\\/gymes.eu\\\/2026\\\/01\\\/05\\\/alumni-reunion\\\/#breadcrumb\"},\"inLanguage\":\"en-GB\",\"potentialAction\":[{\"@type\":\"ReadAction\",\"target\":[\"https:\\\/\\\/gymes.eu\\\/2026\\\/01\\\/05\\\/alumni-reunion\\\/\"]}]},{\"@type\":\"ImageObject\",\"inLanguage\":\"en-GB\",\"@id\":\"https:\\\/\\\/gymes.eu\\\/2026\\\/01\\\/05\\\/alumni-reunion\\\/#primaryimage\",\"url\":\"https:\\\/\\\/gymes.eu\\\/wp-content\\\/uploads\\\/2026\\\/01\\\/GYMES-Alumni-Reunion-2026-726x1024.jpg\",\"contentUrl\":\"https:\\\/\\\/gymes.eu\\\/wp-content\\\/uploads\\\/2026\\\/01\\\/GYMES-Alumni-Reunion-2026-726x1024.jpg\"},{\"@type\":\"BreadcrumbList\",\"@id\":\"https:\\\/\\\/gymes.eu\\\/2026\\\/01\\\/05\\\/alumni-reunion\\\/#breadcrumb\",\"itemListElement\":[{\"@type\":\"ListItem\",\"position\":1,\"name\":\"Home\",\"item\":\"https:\\\/\\\/gymes.eu\\\/\"},{\"@type\":\"ListItem\",\"position\":2,\"name\":\"\ud83c\udf93 GYMES ALUMNI REUNION \ud83c\udf93\"}]},{\"@type\":\"WebSite\",\"@id\":\"https:\\\/\\\/gymes.eu\\\/#website\",\"url\":\"https:\\\/\\\/gymes.eu\\\/\",\"name\":\"Gymn\u00e1zium sv. Edity Steinovej\",\"description\":\"\",\"publisher\":{\"@id\":\"https:\\\/\\\/gymes.eu\\\/#organization\"},\"potentialAction\":[{\"@type\":\"SearchAction\",\"target\":{\"@type\":\"EntryPoint\",\"urlTemplate\":\"https:\\\/\\\/gymes.eu\\\/?s={search_term_string}\"},\"query-input\":{\"@type\":\"PropertyValueSpecification\",\"valueRequired\":true,\"valueName\":\"search_term_string\"}}],\"inLanguage\":\"en-GB\"},{\"@type\":\"Organization\",\"@id\":\"https:\\\/\\\/gymes.eu\\\/#organization\",\"name\":\"Gymn\u00e1zium sv. Edity Steinovej\",\"url\":\"https:\\\/\\\/gymes.eu\\\/\",\"logo\":{\"@type\":\"ImageObject\",\"inLanguage\":\"en-GB\",\"@id\":\"https:\\\/\\\/gymes.eu\\\/#\\\/schema\\\/logo\\\/image\\\/\",\"url\":\"https:\\\/\\\/gymes.eu\\\/wp-content\\\/uploads\\\/2024\\\/11\\\/gymesWEB.png\",\"contentUrl\":\"https:\\\/\\\/gymes.eu\\\/wp-content\\\/uploads\\\/2024\\\/11\\\/gymesWEB.png\",\"width\":300,\"height\":300,\"caption\":\"Gymn\u00e1zium sv. Edity Steinovej\"},\"image\":{\"@id\":\"https:\\\/\\\/gymes.eu\\\/#\\\/schema\\\/logo\\\/image\\\/\"},\"sameAs\":[\"https:\\\/\\\/www.facebook.com\\\/GYMES.official\"]},{\"@type\":\"Person\",\"@id\":\"https:\\\/\\\/gymes.eu\\\/#\\\/schema\\\/person\\\/f24d3742350d642be8c21fd9aeccd085\",\"name\":\"gymes\",\"image\":{\"@type\":\"ImageObject\",\"inLanguage\":\"en-GB\",\"@id\":\"https:\\\/\\\/secure.gravatar.com\\\/avatar\\\/5ffd6d49a25a23e54b954e2afda726cfbb59c3117d8f31d947b0a0cbb6f7cca7?s=96&d=mm&r=g\",\"url\":\"https:\\\/\\\/secure.gravatar.com\\\/avatar\\\/5ffd6d49a25a23e54b954e2afda726cfbb59c3117d8f31d947b0a0cbb6f7cca7?s=96&d=mm&r=g\",\"contentUrl\":\"https:\\\/\\\/secure.gravatar.com\\\/avatar\\\/5ffd6d49a25a23e54b954e2afda726cfbb59c3117d8f31d947b0a0cbb6f7cca7?s=96&d=mm&r=g\",\"caption\":\"gymes\"},\"url\":\"https:\\\/\\\/gymes.eu\\\/en\\\/author\\\/gymes\\\/\"}]}<\/script>\n<!-- \/ Yoast SEO plugin. -->","yoast_head_json":{"title":"\ud83c\udf93 GYMES ALUMNI REUNION \ud83c\udf93 - Gymn\u00e1zium sv. Edity Steinovej","robots":{"index":"index","follow":"follow","max-snippet":"max-snippet:-1","max-image-preview":"max-image-preview:large","max-video-preview":"max-video-preview:-1"},"canonical":"https:\/\/gymes.eu\/en\/2026\/01\/05\/alumni-reunion\/","og_locale":"en_GB","og_type":"article","og_title":"\ud83c\udf93 GYMES ALUMNI REUNION \ud83c\udf93 - Gymn\u00e1zium sv. Edity Steinovej","og_description":"V\u0161etk\u00fdm GYMES ALUMNI s ve\u013ekou rados\u0165ou oznamujeme, \u017ee 8. janu\u00e1ra 2026 sa op\u00e4\u0165&nbsp;stretneme na na\u0161om GYMES ALUMNI REUNION.&nbsp;&nbsp; Radi v\u00e1s, na\u0161ich drah\u00fdch absolventov, priv\u00edtame sp\u00e4\u0165&nbsp;v priestoroch&nbsp;GYMESu, kde ste str\u00e1vili kus \u017eivota. Te\u0161\u00edme sa na va\u0161e pr\u00edbehy, novinky, \u00faspechy aj spomienky, ktor\u00e9 n\u00e1m pripomen\u00fa, pre\u010do je GYMES tak\u00e1 v\u00fdnimo\u010dn\u00e1 komunita.&nbsp; \ud83d\udc9b\u00a0Prihl\u00e1ste sa do 7. janu\u00e1ra 2026 [&hellip;]","og_url":"https:\/\/gymes.eu\/en\/2026\/01\/05\/alumni-reunion\/","og_site_name":"Gymn\u00e1zium sv. Edity Steinovej","article_publisher":"https:\/\/www.facebook.com\/GYMES.official","article_published_time":"2026-01-05T11:19:25+00:00","author":"gymes","twitter_card":"summary_large_image","twitter_misc":{"Written by":"gymes"},"schema":{"@context":"https:\/\/schema.org","@graph":[{"@type":"Article","@id":"https:\/\/gymes.eu\/2026\/01\/05\/alumni-reunion\/#article","isPartOf":{"@id":"https:\/\/gymes.eu\/2026\/01\/05\/alumni-reunion\/"},"author":{"name":"gymes","@id":"https:\/\/gymes.eu\/#\/schema\/person\/f24d3742350d642be8c21fd9aeccd085"},"headline":"\ud83c\udf93 GYMES ALUMNI REUNION \ud83c\udf93","datePublished":"2026-01-05T11:19:25+00:00","mainEntityOfPage":{"@id":"https:\/\/gymes.eu\/2026\/01\/05\/alumni-reunion\/"},"wordCount":144,"publisher":{"@id":"https:\/\/gymes.eu\/#organization"},"image":{"@id":"https:\/\/gymes.eu\/2026\/01\/05\/alumni-reunion\/#primaryimage"},"thumbnailUrl":"https:\/\/gymes.eu\/wp-content\/uploads\/2026\/01\/GYMES-Alumni-Reunion-2026-726x1024.jpg","keywords":["2025\/2026","Alumni","Event","GYMES","GYMESKE"],"articleSection":["Event","Oznamy"],"inLanguage":"en-GB"},{"@type":"WebPage","@id":"https:\/\/gymes.eu\/2026\/01\/05\/alumni-reunion\/","url":"https:\/\/gymes.eu\/2026\/01\/05\/alumni-reunion\/","name":"\ud83c\udf93 GYMES ALUMNI REUNION \ud83c\udf93 - Gymn\u00e1zium sv. Edity Steinovej","isPartOf":{"@id":"https:\/\/gymes.eu\/#website"},"primaryImageOfPage":{"@id":"https:\/\/gymes.eu\/2026\/01\/05\/alumni-reunion\/#primaryimage"},"image":{"@id":"https:\/\/gymes.eu\/2026\/01\/05\/alumni-reunion\/#primaryimage"},"thumbnailUrl":"https:\/\/gymes.eu\/wp-content\/uploads\/2026\/01\/GYMES-Alumni-Reunion-2026-726x1024.jpg","datePublished":"2026-01-05T11:19:25+00:00","breadcrumb":{"@id":"https:\/\/gymes.eu\/2026\/01\/05\/alumni-reunion\/#breadcrumb"},"inLanguage":"en-GB","potentialAction":[{"@type":"ReadAction","target":["https:\/\/gymes.eu\/2026\/01\/05\/alumni-reunion\/"]}]},{"@type":"ImageObject","inLanguage":"en-GB","@id":"https:\/\/gymes.eu\/2026\/01\/05\/alumni-reunion\/#primaryimage","url":"https:\/\/gymes.eu\/wp-content\/uploads\/2026\/01\/GYMES-Alumni-Reunion-2026-726x1024.jpg","contentUrl":"https:\/\/gymes.eu\/wp-content\/uploads\/2026\/01\/GYMES-Alumni-Reunion-2026-726x1024.jpg"},{"@type":"BreadcrumbList","@id":"https:\/\/gymes.eu\/2026\/01\/05\/alumni-reunion\/#breadcrumb","itemListElement":[{"@type":"ListItem","position":1,"name":"Home","item":"https:\/\/gymes.eu\/"},{"@type":"ListItem","position":2,"name":"\ud83c\udf93 GYMES ALUMNI REUNION \ud83c\udf93"}]},{"@type":"WebSite","@id":"https:\/\/gymes.eu\/#website","url":"https:\/\/gymes.eu\/","name":"Gymn\u00e1zium sv. Edity Steinovej","description":"","publisher":{"@id":"https:\/\/gymes.eu\/#organization"},"potentialAction":[{"@type":"SearchAction","target":{"@type":"EntryPoint","urlTemplate":"https:\/\/gymes.eu\/?s={search_term_string}"},"query-input":{"@type":"PropertyValueSpecification","valueRequired":true,"valueName":"search_term_string"}}],"inLanguage":"en-GB"},{"@type":"Organization","@id":"https:\/\/gymes.eu\/#organization","name":"Gymn\u00e1zium sv. Edity Steinovej","url":"https:\/\/gymes.eu\/","logo":{"@type":"ImageObject","inLanguage":"en-GB","@id":"https:\/\/gymes.eu\/#\/schema\/logo\/image\/","url":"https:\/\/gymes.eu\/wp-content\/uploads\/2024\/11\/gymesWEB.png","contentUrl":"https:\/\/gymes.eu\/wp-content\/uploads\/2024\/11\/gymesWEB.png","width":300,"height":300,"caption":"Gymn\u00e1zium sv. Edity Steinovej"},"image":{"@id":"https:\/\/gymes.eu\/#\/schema\/logo\/image\/"},"sameAs":["https:\/\/www.facebook.com\/GYMES.official"]},{"@type":"Person","@id":"https:\/\/gymes.eu\/#\/schema\/person\/f24d3742350d642be8c21fd9aeccd085","name":"gymes","image":{"@type":"ImageObject","inLanguage":"en-GB","@id":"https:\/\/secure.gravatar.com\/avatar\/5ffd6d49a25a23e54b954e2afda726cfbb59c3117d8f31d947b0a0cbb6f7cca7?s=96&d=mm&r=g","url":"https:\/\/secure.gravatar.com\/avatar\/5ffd6d49a25a23e54b954e2afda726cfbb59c3117d8f31d947b0a0cbb6f7cca7?s=96&d=mm&r=g","contentUrl":"https:\/\/secure.gravatar.com\/avatar\/5ffd6d49a25a23e54b954e2afda726cfbb59c3117d8f31d947b0a0cbb6f7cca7?s=96&d=mm&r=g","caption":"gymes"},"url":"https:\/\/gymes.eu\/en\/author\/gymes\/"}]}},"_links":{"self":[{"href":"https:\/\/gymes.eu\/en\/wp-json\/wp\/v2\/posts\/5477","targetHints":{"allow":["GET"]}}],"collection":[{"href":"https:\/\/gymes.eu\/en\/wp-json\/wp\/v2\/posts"}],"about":[{"href":"https:\/\/gymes.eu\/en\/wp-json\/wp\/v2\/types\/post"}],"author":[{"embeddable":true,"href":"https:\/\/gymes.eu\/en\/wp-json\/wp\/v2\/users\/2"}],"replies":[{"embeddable":true,"href":"https:\/\/gymes.eu\/en\/wp-json\/wp\/v2\/comments?post=5477"}],"version-history":[{"count":0,"href":"https:\/\/gymes.eu\/en\/wp-json\/wp\/v2\/posts\/5477\/revisions"}],"wp:attachment":[{"href":"https:\/\/gymes.eu\/en\/wp-json\/wp\/v2\/media?parent=5477"}],"wp:term":[{"taxonomy":"category","embeddable":true,"href":"https:\/\/gymes.eu\/en\/wp-json\/wp\/v2\/categories?post=5477"},{"taxonomy":"post_tag","embeddable":true,"href":"https:\/\/gymes.eu\/en\/wp-json\/wp\/v2\/tags?post=5477"}],"curies":[{"name":"wp","href":"https:\/\/api.w.org\/{rel}","templated":true}]}}