{"id":3895,"date":"2026-01-05T11:50:01","date_gmt":"2026-01-05T10:50:01","guid":{"rendered":"https:\/\/gymes.eu\/?p=3895"},"modified":"2026-01-05T11:50:01","modified_gmt":"2026-01-05T10:50:01","slug":"den-otvorenych-moznosti-na-gymese","status":"publish","type":"post","link":"https:\/\/gymes.eu\/en\/2026\/01\/05\/den-otvorenych-moznosti-na-gymese\/","title":{"rendered":"\ud83d\ude80\u00a0De\u0148\u00a0otvoren\u00fdch mo\u017enost\u00ed na\u00a0GYMESe\u00a0\ud83d\ude80"},"content":{"rendered":"<p class=\"wp-block-paragraph\">\ud83d\udcc5&nbsp;<strong>15. janu\u00e1r 2026<\/strong>&nbsp;<\/p>\n\n\n\n<p class=\"wp-block-paragraph\">Nesta\u010d\u00ed len otv\u00e1ra\u0165&nbsp;dvere.&nbsp;<br>D\u00f4le\u017eitej\u0161ie&nbsp;je otv\u00e1ra\u0165&nbsp;mo\u017enosti,&nbsp;mysle&nbsp;a\u202fsrdcia.&nbsp;\u2764&nbsp;<\/p>\n\n\n\n<p class=\"wp-block-paragraph\">Pr\u00e1ve preto v\u00e1s poz\u00fdvame, mil\u00ed \u00f4smaci a\u202fdeviataci s\u202fva\u0161im rodi\u010dmi,&nbsp;na De\u0148&nbsp;otvoren\u00fdch mo\u017enost\u00ed \u2013 de\u0148, po\u010das ktor\u00e9ho neukazujeme len triedy a chodby, ale cesty, ktor\u00fdmi sa m\u00f4\u017ee ubera\u0165&nbsp;va\u0161a bud\u00facnos\u0165.&nbsp;<\/p>\n\n\n\n<p class=\"wp-block-paragraph\">\ud83d\udd0d Objav\u00edte:&nbsp;<\/p>\n\n\n\n<ul class=\"wp-block-list\">\n<li>ako na&nbsp;GYMESe&nbsp;prep\u00e1jame vedomosti, hodnoty a odvahu prem\u00fd\u0161\u013ea\u0165,&nbsp;<\/li>\n<\/ul>\n\n\n\n<ul class=\"wp-block-list\">\n<li>ak\u00e9 mo\u017enosti rastu, rozvoja a sebarealiz\u00e1cie pon\u00faka \u0161t\u00fadium u\u202fn\u00e1s,&nbsp;<\/li>\n<\/ul>\n\n\n\n<ul class=\"wp-block-list\">\n<li>s\u202fak\u00fdmi&nbsp;\u013eu\u010fmi budete ma\u0165 mo\u017enos\u0165 vytv\u00e1ra\u0165 komunitu, ktor\u00e1 bude formova\u0165 v\u00e1\u0161 \u017eivot.&nbsp;<\/li>\n<\/ul>\n\n\n\n<p class=\"wp-block-paragraph\">\ud83d\udc65&nbsp;Ak h\u013ead\u00e1te \u0161kolu, ktor\u00e1 otv\u00e1ra viac ne\u017e dvere,&nbsp;GYMES je jednou&nbsp;z&nbsp;mo\u017enost\u00ed.&nbsp;Vyu\u017eite ju.&nbsp;\ud83d\udc4d<\/p>\n\n\n\n<p class=\"wp-block-paragraph\">Te\u0161\u00edme sa na v\u00e1s&nbsp;15. janu\u00e1ra 2026&nbsp;od 7.30.&nbsp;<\/p>\n\n\n<div class=\"wp-block-image\">\n<figure class=\"aligncenter size-full\"><img loading=\"lazy\" decoding=\"async\" width=\"1414\" height=\"2000\" src=\"https:\/\/gymes.eu\/wp-content\/uploads\/2026\/01\/Den-otvorenych-dveri-MOZNOSTI-2026.jpg\" alt=\"\" class=\"wp-image-3896\" srcset=\"https:\/\/gymes.eu\/wp-content\/uploads\/2026\/01\/Den-otvorenych-dveri-MOZNOSTI-2026.jpg 1414w, https:\/\/gymes.eu\/wp-content\/uploads\/2026\/01\/Den-otvorenych-dveri-MOZNOSTI-2026-724x1024.jpg 724w, https:\/\/gymes.eu\/wp-content\/uploads\/2026\/01\/Den-otvorenych-dveri-MOZNOSTI-2026-768x1086.jpg 768w, https:\/\/gymes.eu\/wp-content\/uploads\/2026\/01\/Den-otvorenych-dveri-MOZNOSTI-2026-1086x1536.jpg 1086w, https:\/\/gymes.eu\/wp-content\/uploads\/2026\/01\/Den-otvorenych-dveri-MOZNOSTI-2026-640x905.jpg 640w, https:\/\/gymes.eu\/wp-content\/uploads\/2026\/01\/Den-otvorenych-dveri-MOZNOSTI-2026-400x566.jpg 400w, https:\/\/gymes.eu\/wp-content\/uploads\/2026\/01\/Den-otvorenych-dveri-MOZNOSTI-2026-367x519.jpg 367w\" sizes=\"auto, (max-width: 1414px) 100vw, 1414px\" \/><\/figure>\n<\/div>\n\n<div class=\"wp-block-image\">\n<figure class=\"aligncenter size-full\"><img loading=\"lazy\" decoding=\"async\" width=\"1080\" height=\"1080\" src=\"https:\/\/gymes.eu\/wp-content\/uploads\/2026\/01\/DOM2.png\" alt=\"\" class=\"wp-image-3935\" srcset=\"https:\/\/gymes.eu\/wp-content\/uploads\/2026\/01\/DOM2.png 1080w, https:\/\/gymes.eu\/wp-content\/uploads\/2026\/01\/DOM2-1024x1024.png 1024w, https:\/\/gymes.eu\/wp-content\/uploads\/2026\/01\/DOM2-768x768.png 768w, https:\/\/gymes.eu\/wp-content\/uploads\/2026\/01\/DOM2-640x640.png 640w, https:\/\/gymes.eu\/wp-content\/uploads\/2026\/01\/DOM2-400x400.png 400w, https:\/\/gymes.eu\/wp-content\/uploads\/2026\/01\/DOM2-560x560.png 560w, https:\/\/gymes.eu\/wp-content\/uploads\/2026\/01\/DOM2-367x367.png 367w\" sizes=\"auto, (max-width: 1080px) 100vw, 1080px\" \/><\/figure>\n<\/div>\n\n<div class=\"wp-block-image\">\n<figure class=\"aligncenter size-full\"><img loading=\"lazy\" decoding=\"async\" width=\"1080\" height=\"1080\" src=\"https:\/\/gymes.eu\/wp-content\/uploads\/2026\/01\/DOM3.png\" alt=\"\" class=\"wp-image-3936\" srcset=\"https:\/\/gymes.eu\/wp-content\/uploads\/2026\/01\/DOM3.png 1080w, https:\/\/gymes.eu\/wp-content\/uploads\/2026\/01\/DOM3-1024x1024.png 1024w, https:\/\/gymes.eu\/wp-content\/uploads\/2026\/01\/DOM3-768x768.png 768w, https:\/\/gymes.eu\/wp-content\/uploads\/2026\/01\/DOM3-640x640.png 640w, https:\/\/gymes.eu\/wp-content\/uploads\/2026\/01\/DOM3-400x400.png 400w, https:\/\/gymes.eu\/wp-content\/uploads\/2026\/01\/DOM3-560x560.png 560w, https:\/\/gymes.eu\/wp-content\/uploads\/2026\/01\/DOM3-367x367.png 367w\" sizes=\"auto, (max-width: 1080px) 100vw, 1080px\" \/><\/figure>\n<\/div>","protected":false},"excerpt":{"rendered":"<p>\ud83d\udcc5&nbsp;15. janu\u00e1r 2026&nbsp; Nesta\u010d\u00ed len otv\u00e1ra\u0165&nbsp;dvere.&nbsp;D\u00f4le\u017eitej\u0161ie&nbsp;je otv\u00e1ra\u0165&nbsp;mo\u017enosti,&nbsp;mysle&nbsp;a\u202fsrdcia.&nbsp;\u2764&nbsp; Pr\u00e1ve preto v\u00e1s poz\u00fdvame, mil\u00ed \u00f4smaci a\u202fdeviataci s\u202fva\u0161im rodi\u010dmi,&nbsp;na De\u0148&nbsp;otvoren\u00fdch mo\u017enost\u00ed \u2013 de\u0148, po\u010das ktor\u00e9ho neukazujeme len triedy a chodby, ale cesty, ktor\u00fdmi sa m\u00f4\u017ee ubera\u0165&nbsp;va\u0161a bud\u00facnos\u0165.&nbsp; \ud83d\udd0d Objav\u00edte:&nbsp; \ud83d\udc65&nbsp;Ak h\u013ead\u00e1te \u0161kolu, ktor\u00e1 otv\u00e1ra viac ne\u017e dvere,&nbsp;GYMES je jednou&nbsp;z&nbsp;mo\u017enost\u00ed.&nbsp;Vyu\u017eite ju.&nbsp;\ud83d\udc4d Te\u0161\u00edme sa na v\u00e1s&nbsp;15. janu\u00e1ra 2026&nbsp;od 7.30.&nbsp;<\/p>","protected":false},"author":2,"featured_media":0,"comment_status":"closed","ping_status":"closed","sticky":false,"template":"","format":"standard","meta":{"_acf_changed":false,"rs_blank_template":"","rs_page_bg_color":"","slide_template_v7":"","_monsterinsights_skip_tracking":false,"footnotes":""},"categories":[26,16],"tags":[107,27,24,20],"class_list":["post-3895","post","type-post","status-publish","format-standard","hentry","category-event","category-oznamy","tag-2025-2026","tag-event","tag-gymes","tag-gymeske"],"acf":[],"featured_image_src":{"landsacpe":false,"list":false,"medium":false,"full":false},"yoast_head":"<!-- This site is optimized with the Yoast SEO plugin v28.3 - https:\/\/yoast.com\/product\/yoast-seo-wordpress\/ -->\n<title>\ud83d\ude80\u00a0De\u0148\u00a0otvoren\u00fdch mo\u017enost\u00ed na\u00a0GYMESe\u00a0\ud83d\ude80 - Gymn\u00e1zium sv. Edity Steinovej<\/title>\n<meta name=\"robots\" content=\"index, follow, max-snippet:-1, max-image-preview:large, max-video-preview:-1\" \/>\n<link rel=\"canonical\" href=\"https:\/\/gymes.eu\/en\/2026\/01\/05\/den-otvorenych-moznosti-na-gymese\/\" \/>\n<meta property=\"og:locale\" content=\"en_GB\" \/>\n<meta property=\"og:type\" content=\"article\" \/>\n<meta property=\"og:title\" content=\"\ud83d\ude80\u00a0De\u0148\u00a0otvoren\u00fdch mo\u017enost\u00ed na\u00a0GYMESe\u00a0\ud83d\ude80 - Gymn\u00e1zium sv. Edity Steinovej\" \/>\n<meta property=\"og:description\" content=\"\ud83d\udcc5&nbsp;15. janu\u00e1r 2026&nbsp; Nesta\u010d\u00ed len otv\u00e1ra\u0165&nbsp;dvere.&nbsp;D\u00f4le\u017eitej\u0161ie&nbsp;je otv\u00e1ra\u0165&nbsp;mo\u017enosti,&nbsp;mysle&nbsp;a\u202fsrdcia.&nbsp;\u2764&nbsp; Pr\u00e1ve preto v\u00e1s poz\u00fdvame, mil\u00ed \u00f4smaci a\u202fdeviataci s\u202fva\u0161im rodi\u010dmi,&nbsp;na De\u0148&nbsp;otvoren\u00fdch mo\u017enost\u00ed \u2013 de\u0148, po\u010das ktor\u00e9ho neukazujeme len triedy a chodby, ale cesty, ktor\u00fdmi sa m\u00f4\u017ee ubera\u0165&nbsp;va\u0161a bud\u00facnos\u0165.&nbsp; \ud83d\udd0d Objav\u00edte:&nbsp; \ud83d\udc65&nbsp;Ak h\u013ead\u00e1te \u0161kolu, ktor\u00e1 otv\u00e1ra viac ne\u017e dvere,&nbsp;GYMES je jednou&nbsp;z&nbsp;mo\u017enost\u00ed.&nbsp;Vyu\u017eite ju.&nbsp;\ud83d\udc4d Te\u0161\u00edme sa na v\u00e1s&nbsp;15. janu\u00e1ra 2026&nbsp;od 7.30.&nbsp;\" \/>\n<meta property=\"og:url\" content=\"https:\/\/gymes.eu\/en\/2026\/01\/05\/den-otvorenych-moznosti-na-gymese\/\" \/>\n<meta property=\"og:site_name\" content=\"Gymn\u00e1zium sv. Edity Steinovej\" \/>\n<meta property=\"article:publisher\" content=\"https:\/\/www.facebook.com\/GYMES.official\" \/>\n<meta property=\"article:published_time\" content=\"2026-01-05T10:50:01+00:00\" \/>\n<meta property=\"og:image\" content=\"https:\/\/gymes.eu\/wp-content\/uploads\/2026\/01\/Den-otvorenych-dveri-MOZNOSTI-2026.jpg\" \/>\n\t<meta property=\"og:image:width\" content=\"1414\" \/>\n\t<meta property=\"og:image:height\" content=\"2000\" \/>\n\t<meta property=\"og:image:type\" content=\"image\/jpeg\" \/>\n<meta name=\"author\" content=\"gymes\" \/>\n<meta name=\"twitter:card\" content=\"summary_large_image\" \/>\n<meta name=\"twitter:label1\" content=\"Written by\" \/>\n\t<meta name=\"twitter:data1\" content=\"gymes\" \/>\n\t<meta name=\"twitter:label2\" content=\"Estimated reading time\" \/>\n\t<meta name=\"twitter:data2\" content=\"2 minutes\" \/>\n<script type=\"application\/ld+json\" class=\"yoast-schema-graph\">{\"@context\":\"https:\\\/\\\/schema.org\",\"@graph\":[{\"@type\":\"Article\",\"@id\":\"https:\\\/\\\/gymes.eu\\\/2026\\\/01\\\/05\\\/den-otvorenych-moznosti-na-gymese\\\/#article\",\"isPartOf\":{\"@id\":\"https:\\\/\\\/gymes.eu\\\/2026\\\/01\\\/05\\\/den-otvorenych-moznosti-na-gymese\\\/\"},\"author\":{\"name\":\"gymes\",\"@id\":\"https:\\\/\\\/gymes.eu\\\/#\\\/schema\\\/person\\\/f24d3742350d642be8c21fd9aeccd085\"},\"headline\":\"\ud83d\ude80\u00a0De\u0148\u00a0otvoren\u00fdch mo\u017enost\u00ed na\u00a0GYMESe\u00a0\ud83d\ude80\",\"datePublished\":\"2026-01-05T10:50:01+00:00\",\"mainEntityOfPage\":{\"@id\":\"https:\\\/\\\/gymes.eu\\\/2026\\\/01\\\/05\\\/den-otvorenych-moznosti-na-gymese\\\/\"},\"wordCount\":174,\"publisher\":{\"@id\":\"https:\\\/\\\/gymes.eu\\\/#organization\"},\"image\":{\"@id\":\"https:\\\/\\\/gymes.eu\\\/2026\\\/01\\\/05\\\/den-otvorenych-moznosti-na-gymese\\\/#primaryimage\"},\"thumbnailUrl\":\"https:\\\/\\\/gymes.eu\\\/wp-content\\\/uploads\\\/2026\\\/01\\\/Den-otvorenych-dveri-MOZNOSTI-2026.jpg\",\"keywords\":[\"2025\\\/2026\",\"Event\",\"GYMES\",\"GYMESKE\"],\"articleSection\":[\"Event\",\"Oznamy\"],\"inLanguage\":\"en-GB\"},{\"@type\":\"WebPage\",\"@id\":\"https:\\\/\\\/gymes.eu\\\/2026\\\/01\\\/05\\\/den-otvorenych-moznosti-na-gymese\\\/\",\"url\":\"https:\\\/\\\/gymes.eu\\\/2026\\\/01\\\/05\\\/den-otvorenych-moznosti-na-gymese\\\/\",\"name\":\"\ud83d\ude80\u00a0De\u0148\u00a0otvoren\u00fdch mo\u017enost\u00ed na\u00a0GYMESe\u00a0\ud83d\ude80 - Gymn\u00e1zium sv. Edity Steinovej\",\"isPartOf\":{\"@id\":\"https:\\\/\\\/gymes.eu\\\/#website\"},\"primaryImageOfPage\":{\"@id\":\"https:\\\/\\\/gymes.eu\\\/2026\\\/01\\\/05\\\/den-otvorenych-moznosti-na-gymese\\\/#primaryimage\"},\"image\":{\"@id\":\"https:\\\/\\\/gymes.eu\\\/2026\\\/01\\\/05\\\/den-otvorenych-moznosti-na-gymese\\\/#primaryimage\"},\"thumbnailUrl\":\"https:\\\/\\\/gymes.eu\\\/wp-content\\\/uploads\\\/2026\\\/01\\\/Den-otvorenych-dveri-MOZNOSTI-2026.jpg\",\"datePublished\":\"2026-01-05T10:50:01+00:00\",\"breadcrumb\":{\"@id\":\"https:\\\/\\\/gymes.eu\\\/2026\\\/01\\\/05\\\/den-otvorenych-moznosti-na-gymese\\\/#breadcrumb\"},\"inLanguage\":\"en-GB\",\"potentialAction\":[{\"@type\":\"ReadAction\",\"target\":[\"https:\\\/\\\/gymes.eu\\\/2026\\\/01\\\/05\\\/den-otvorenych-moznosti-na-gymese\\\/\"]}]},{\"@type\":\"ImageObject\",\"inLanguage\":\"en-GB\",\"@id\":\"https:\\\/\\\/gymes.eu\\\/2026\\\/01\\\/05\\\/den-otvorenych-moznosti-na-gymese\\\/#primaryimage\",\"url\":\"https:\\\/\\\/gymes.eu\\\/wp-content\\\/uploads\\\/2026\\\/01\\\/Den-otvorenych-dveri-MOZNOSTI-2026.jpg\",\"contentUrl\":\"https:\\\/\\\/gymes.eu\\\/wp-content\\\/uploads\\\/2026\\\/01\\\/Den-otvorenych-dveri-MOZNOSTI-2026.jpg\"},{\"@type\":\"BreadcrumbList\",\"@id\":\"https:\\\/\\\/gymes.eu\\\/2026\\\/01\\\/05\\\/den-otvorenych-moznosti-na-gymese\\\/#breadcrumb\",\"itemListElement\":[{\"@type\":\"ListItem\",\"position\":1,\"name\":\"Home\",\"item\":\"https:\\\/\\\/gymes.eu\\\/\"},{\"@type\":\"ListItem\",\"position\":2,\"name\":\"\ud83d\ude80\u00a0De\u0148\u00a0otvoren\u00fdch mo\u017enost\u00ed na\u00a0GYMESe\u00a0\ud83d\ude80\"}]},{\"@type\":\"WebSite\",\"@id\":\"https:\\\/\\\/gymes.eu\\\/#website\",\"url\":\"https:\\\/\\\/gymes.eu\\\/\",\"name\":\"Gymn\u00e1zium sv. Edity Steinovej\",\"description\":\"\",\"publisher\":{\"@id\":\"https:\\\/\\\/gymes.eu\\\/#organization\"},\"potentialAction\":[{\"@type\":\"SearchAction\",\"target\":{\"@type\":\"EntryPoint\",\"urlTemplate\":\"https:\\\/\\\/gymes.eu\\\/?s={search_term_string}\"},\"query-input\":{\"@type\":\"PropertyValueSpecification\",\"valueRequired\":true,\"valueName\":\"search_term_string\"}}],\"inLanguage\":\"en-GB\"},{\"@type\":\"Organization\",\"@id\":\"https:\\\/\\\/gymes.eu\\\/#organization\",\"name\":\"Gymn\u00e1zium sv. Edity Steinovej\",\"url\":\"https:\\\/\\\/gymes.eu\\\/\",\"logo\":{\"@type\":\"ImageObject\",\"inLanguage\":\"en-GB\",\"@id\":\"https:\\\/\\\/gymes.eu\\\/#\\\/schema\\\/logo\\\/image\\\/\",\"url\":\"https:\\\/\\\/gymes.eu\\\/wp-content\\\/uploads\\\/2024\\\/11\\\/gymesWEB.png\",\"contentUrl\":\"https:\\\/\\\/gymes.eu\\\/wp-content\\\/uploads\\\/2024\\\/11\\\/gymesWEB.png\",\"width\":300,\"height\":300,\"caption\":\"Gymn\u00e1zium sv. Edity Steinovej\"},\"image\":{\"@id\":\"https:\\\/\\\/gymes.eu\\\/#\\\/schema\\\/logo\\\/image\\\/\"},\"sameAs\":[\"https:\\\/\\\/www.facebook.com\\\/GYMES.official\"]},{\"@type\":\"Person\",\"@id\":\"https:\\\/\\\/gymes.eu\\\/#\\\/schema\\\/person\\\/f24d3742350d642be8c21fd9aeccd085\",\"name\":\"gymes\",\"image\":{\"@type\":\"ImageObject\",\"inLanguage\":\"en-GB\",\"@id\":\"https:\\\/\\\/secure.gravatar.com\\\/avatar\\\/5ffd6d49a25a23e54b954e2afda726cfbb59c3117d8f31d947b0a0cbb6f7cca7?s=96&d=mm&r=g\",\"url\":\"https:\\\/\\\/secure.gravatar.com\\\/avatar\\\/5ffd6d49a25a23e54b954e2afda726cfbb59c3117d8f31d947b0a0cbb6f7cca7?s=96&d=mm&r=g\",\"contentUrl\":\"https:\\\/\\\/secure.gravatar.com\\\/avatar\\\/5ffd6d49a25a23e54b954e2afda726cfbb59c3117d8f31d947b0a0cbb6f7cca7?s=96&d=mm&r=g\",\"caption\":\"gymes\"},\"url\":\"https:\\\/\\\/gymes.eu\\\/en\\\/author\\\/gymes\\\/\"}]}<\/script>\n<!-- \/ Yoast SEO plugin. -->","yoast_head_json":{"title":"\ud83d\ude80\u00a0De\u0148\u00a0otvoren\u00fdch mo\u017enost\u00ed na\u00a0GYMESe\u00a0\ud83d\ude80 - Gymn\u00e1zium sv. Edity Steinovej","robots":{"index":"index","follow":"follow","max-snippet":"max-snippet:-1","max-image-preview":"max-image-preview:large","max-video-preview":"max-video-preview:-1"},"canonical":"https:\/\/gymes.eu\/en\/2026\/01\/05\/den-otvorenych-moznosti-na-gymese\/","og_locale":"en_GB","og_type":"article","og_title":"\ud83d\ude80\u00a0De\u0148\u00a0otvoren\u00fdch mo\u017enost\u00ed na\u00a0GYMESe\u00a0\ud83d\ude80 - Gymn\u00e1zium sv. Edity Steinovej","og_description":"\ud83d\udcc5&nbsp;15. janu\u00e1r 2026&nbsp; Nesta\u010d\u00ed len otv\u00e1ra\u0165&nbsp;dvere.&nbsp;D\u00f4le\u017eitej\u0161ie&nbsp;je otv\u00e1ra\u0165&nbsp;mo\u017enosti,&nbsp;mysle&nbsp;a\u202fsrdcia.&nbsp;\u2764&nbsp; Pr\u00e1ve preto v\u00e1s poz\u00fdvame, mil\u00ed \u00f4smaci a\u202fdeviataci s\u202fva\u0161im rodi\u010dmi,&nbsp;na De\u0148&nbsp;otvoren\u00fdch mo\u017enost\u00ed \u2013 de\u0148, po\u010das ktor\u00e9ho neukazujeme len triedy a chodby, ale cesty, ktor\u00fdmi sa m\u00f4\u017ee ubera\u0165&nbsp;va\u0161a bud\u00facnos\u0165.&nbsp; \ud83d\udd0d Objav\u00edte:&nbsp; \ud83d\udc65&nbsp;Ak h\u013ead\u00e1te \u0161kolu, ktor\u00e1 otv\u00e1ra viac ne\u017e dvere,&nbsp;GYMES je jednou&nbsp;z&nbsp;mo\u017enost\u00ed.&nbsp;Vyu\u017eite ju.&nbsp;\ud83d\udc4d Te\u0161\u00edme sa na v\u00e1s&nbsp;15. janu\u00e1ra 2026&nbsp;od 7.30.&nbsp;","og_url":"https:\/\/gymes.eu\/en\/2026\/01\/05\/den-otvorenych-moznosti-na-gymese\/","og_site_name":"Gymn\u00e1zium sv. Edity Steinovej","article_publisher":"https:\/\/www.facebook.com\/GYMES.official","article_published_time":"2026-01-05T10:50:01+00:00","og_image":[{"width":1414,"height":2000,"url":"https:\/\/gymes.eu\/wp-content\/uploads\/2026\/01\/Den-otvorenych-dveri-MOZNOSTI-2026.jpg","type":"image\/jpeg"}],"author":"gymes","twitter_card":"summary_large_image","twitter_misc":{"Written by":"gymes","Estimated reading time":"2 minutes"},"schema":{"@context":"https:\/\/schema.org","@graph":[{"@type":"Article","@id":"https:\/\/gymes.eu\/2026\/01\/05\/den-otvorenych-moznosti-na-gymese\/#article","isPartOf":{"@id":"https:\/\/gymes.eu\/2026\/01\/05\/den-otvorenych-moznosti-na-gymese\/"},"author":{"name":"gymes","@id":"https:\/\/gymes.eu\/#\/schema\/person\/f24d3742350d642be8c21fd9aeccd085"},"headline":"\ud83d\ude80\u00a0De\u0148\u00a0otvoren\u00fdch mo\u017enost\u00ed na\u00a0GYMESe\u00a0\ud83d\ude80","datePublished":"2026-01-05T10:50:01+00:00","mainEntityOfPage":{"@id":"https:\/\/gymes.eu\/2026\/01\/05\/den-otvorenych-moznosti-na-gymese\/"},"wordCount":174,"publisher":{"@id":"https:\/\/gymes.eu\/#organization"},"image":{"@id":"https:\/\/gymes.eu\/2026\/01\/05\/den-otvorenych-moznosti-na-gymese\/#primaryimage"},"thumbnailUrl":"https:\/\/gymes.eu\/wp-content\/uploads\/2026\/01\/Den-otvorenych-dveri-MOZNOSTI-2026.jpg","keywords":["2025\/2026","Event","GYMES","GYMESKE"],"articleSection":["Event","Oznamy"],"inLanguage":"en-GB"},{"@type":"WebPage","@id":"https:\/\/gymes.eu\/2026\/01\/05\/den-otvorenych-moznosti-na-gymese\/","url":"https:\/\/gymes.eu\/2026\/01\/05\/den-otvorenych-moznosti-na-gymese\/","name":"\ud83d\ude80\u00a0De\u0148\u00a0otvoren\u00fdch mo\u017enost\u00ed na\u00a0GYMESe\u00a0\ud83d\ude80 - Gymn\u00e1zium sv. Edity Steinovej","isPartOf":{"@id":"https:\/\/gymes.eu\/#website"},"primaryImageOfPage":{"@id":"https:\/\/gymes.eu\/2026\/01\/05\/den-otvorenych-moznosti-na-gymese\/#primaryimage"},"image":{"@id":"https:\/\/gymes.eu\/2026\/01\/05\/den-otvorenych-moznosti-na-gymese\/#primaryimage"},"thumbnailUrl":"https:\/\/gymes.eu\/wp-content\/uploads\/2026\/01\/Den-otvorenych-dveri-MOZNOSTI-2026.jpg","datePublished":"2026-01-05T10:50:01+00:00","breadcrumb":{"@id":"https:\/\/gymes.eu\/2026\/01\/05\/den-otvorenych-moznosti-na-gymese\/#breadcrumb"},"inLanguage":"en-GB","potentialAction":[{"@type":"ReadAction","target":["https:\/\/gymes.eu\/2026\/01\/05\/den-otvorenych-moznosti-na-gymese\/"]}]},{"@type":"ImageObject","inLanguage":"en-GB","@id":"https:\/\/gymes.eu\/2026\/01\/05\/den-otvorenych-moznosti-na-gymese\/#primaryimage","url":"https:\/\/gymes.eu\/wp-content\/uploads\/2026\/01\/Den-otvorenych-dveri-MOZNOSTI-2026.jpg","contentUrl":"https:\/\/gymes.eu\/wp-content\/uploads\/2026\/01\/Den-otvorenych-dveri-MOZNOSTI-2026.jpg"},{"@type":"BreadcrumbList","@id":"https:\/\/gymes.eu\/2026\/01\/05\/den-otvorenych-moznosti-na-gymese\/#breadcrumb","itemListElement":[{"@type":"ListItem","position":1,"name":"Home","item":"https:\/\/gymes.eu\/"},{"@type":"ListItem","position":2,"name":"\ud83d\ude80\u00a0De\u0148\u00a0otvoren\u00fdch mo\u017enost\u00ed na\u00a0GYMESe\u00a0\ud83d\ude80"}]},{"@type":"WebSite","@id":"https:\/\/gymes.eu\/#website","url":"https:\/\/gymes.eu\/","name":"Gymn\u00e1zium sv. Edity Steinovej","description":"","publisher":{"@id":"https:\/\/gymes.eu\/#organization"},"potentialAction":[{"@type":"SearchAction","target":{"@type":"EntryPoint","urlTemplate":"https:\/\/gymes.eu\/?s={search_term_string}"},"query-input":{"@type":"PropertyValueSpecification","valueRequired":true,"valueName":"search_term_string"}}],"inLanguage":"en-GB"},{"@type":"Organization","@id":"https:\/\/gymes.eu\/#organization","name":"Gymn\u00e1zium sv. Edity Steinovej","url":"https:\/\/gymes.eu\/","logo":{"@type":"ImageObject","inLanguage":"en-GB","@id":"https:\/\/gymes.eu\/#\/schema\/logo\/image\/","url":"https:\/\/gymes.eu\/wp-content\/uploads\/2024\/11\/gymesWEB.png","contentUrl":"https:\/\/gymes.eu\/wp-content\/uploads\/2024\/11\/gymesWEB.png","width":300,"height":300,"caption":"Gymn\u00e1zium sv. Edity Steinovej"},"image":{"@id":"https:\/\/gymes.eu\/#\/schema\/logo\/image\/"},"sameAs":["https:\/\/www.facebook.com\/GYMES.official"]},{"@type":"Person","@id":"https:\/\/gymes.eu\/#\/schema\/person\/f24d3742350d642be8c21fd9aeccd085","name":"gymes","image":{"@type":"ImageObject","inLanguage":"en-GB","@id":"https:\/\/secure.gravatar.com\/avatar\/5ffd6d49a25a23e54b954e2afda726cfbb59c3117d8f31d947b0a0cbb6f7cca7?s=96&d=mm&r=g","url":"https:\/\/secure.gravatar.com\/avatar\/5ffd6d49a25a23e54b954e2afda726cfbb59c3117d8f31d947b0a0cbb6f7cca7?s=96&d=mm&r=g","contentUrl":"https:\/\/secure.gravatar.com\/avatar\/5ffd6d49a25a23e54b954e2afda726cfbb59c3117d8f31d947b0a0cbb6f7cca7?s=96&d=mm&r=g","caption":"gymes"},"url":"https:\/\/gymes.eu\/en\/author\/gymes\/"}]}},"_links":{"self":[{"href":"https:\/\/gymes.eu\/en\/wp-json\/wp\/v2\/posts\/3895","targetHints":{"allow":["GET"]}}],"collection":[{"href":"https:\/\/gymes.eu\/en\/wp-json\/wp\/v2\/posts"}],"about":[{"href":"https:\/\/gymes.eu\/en\/wp-json\/wp\/v2\/types\/post"}],"author":[{"embeddable":true,"href":"https:\/\/gymes.eu\/en\/wp-json\/wp\/v2\/users\/2"}],"replies":[{"embeddable":true,"href":"https:\/\/gymes.eu\/en\/wp-json\/wp\/v2\/comments?post=3895"}],"version-history":[{"count":0,"href":"https:\/\/gymes.eu\/en\/wp-json\/wp\/v2\/posts\/3895\/revisions"}],"wp:attachment":[{"href":"https:\/\/gymes.eu\/en\/wp-json\/wp\/v2\/media?parent=3895"}],"wp:term":[{"taxonomy":"category","embeddable":true,"href":"https:\/\/gymes.eu\/en\/wp-json\/wp\/v2\/categories?post=3895"},{"taxonomy":"post_tag","embeddable":true,"href":"https:\/\/gymes.eu\/en\/wp-json\/wp\/v2\/tags?post=3895"}],"curies":[{"name":"wp","href":"https:\/\/api.w.org\/{rel}","templated":true}]}}