{"id":3821,"date":"2025-04-15T11:18:26","date_gmt":"2025-04-15T09:18:26","guid":{"rendered":"https:\/\/gymes.eu\/?p=3821"},"modified":"2025-04-15T11:18:26","modified_gmt":"2025-04-15T09:18:26","slug":"horizonty-buducnosti","status":"publish","type":"post","link":"https:\/\/gymes.eu\/en\/2025\/04\/15\/horizonty-buducnosti\/","title":{"rendered":"Horizonty bud\u00facnosti"},"content":{"rendered":"<p class=\"wp-block-paragraph\">Poz\u00fdvame v\u00e1s na tret\u00ed GYMES diskusn\u00fd ve\u010der <strong>\u201eHorizonty bud\u00facnosti\u201c<\/strong>, ktor\u00fd sa bude tentokr\u00e1t<br>venova\u0165 \u00falohe mlad\u00fdch v\u00a0cirkvi a\u00a0cirkvi pre mlad\u00fdch.<\/p>\n\n\n\n<p class=\"wp-block-paragraph\">Pozvanie do diskusie prijali:<\/p>\n\n\n\n<ul class=\"wp-block-list\">\n<li><strong>Mons. Franti\u0161ek Trstensk\u00fd<\/strong> &#8211; spi\u0161sk\u00fd diec\u00e9zny biskup, profesor teol\u00f3gie<\/li>\n\n\n\n<li><strong>Lamiya Jalilov\u00e1<\/strong> &#8211; sestra salezi\u00e1nka, pedagogi\u010dka, influencerka<\/li>\n\n\n\n<li><strong>Jozef Kadlic<\/strong> &#8211; k\u0148az Ko\u0161ickej arcidiec\u00e9zy, rektor univerzitn\u00e9ho pastora\u010dn\u00e9ho centra<\/li>\n<\/ul>\n\n\n\n<p class=\"wp-block-paragraph\"><strong>Kedy:<\/strong> 7. m\u00e1j 2025, 18:00 \u2013 19:30<br><strong>Kde:<\/strong> Kult\u00farno-vzdel\u00e1vacie centrum \u0160t\u00e1tnej vedeckej kni\u017enice, Pribinova 1, Ko\u0161ice<\/p>\n\n\n\n<p class=\"wp-block-paragraph\">Pr\u00ed\u010fte spolo\u010dne diskutova\u0165 o tom, ako m\u00f4\u017eu mlad\u00ed \u013eudia formova\u0165 bud\u00facnos\u0165 cirkvi a n\u00e1js\u0165 svoje<br>miesto v jej \u017eivote.<\/p>\n\n\n\n<p class=\"wp-block-paragraph\">Svoju bezplatn\u00fa vstupenku z\u00edskate na <a href=\"https:\/\/forms.gle\/QHWcbbxgvEqP6cpVA\"><em>https:\/\/forms.gle\/QHWcbbxgvEqP6cpVA<\/em><\/a> , alebo pou\u017eite<br>prilo\u017een\u00fd QR k\u00f3d.<\/p>\n\n\n<div class=\"wp-block-image\">\n<figure class=\"aligncenter size-full\"><img loading=\"lazy\" decoding=\"async\" width=\"500\" height=\"500\" src=\"https:\/\/gymes.eu\/wp-content\/uploads\/2025\/04\/QR-kod-horizonty-buducnosti.jpg\" alt=\"\" class=\"wp-image-3822\" srcset=\"https:\/\/gymes.eu\/wp-content\/uploads\/2025\/04\/QR-kod-horizonty-buducnosti.jpg 500w, https:\/\/gymes.eu\/wp-content\/uploads\/2025\/04\/QR-kod-horizonty-buducnosti-400x400.jpg 400w, https:\/\/gymes.eu\/wp-content\/uploads\/2025\/04\/QR-kod-horizonty-buducnosti-367x367.jpg 367w\" sizes=\"auto, (max-width: 500px) 100vw, 500px\" \/><\/figure>\n<\/div>\n\n\n<p class=\"wp-block-paragraph\"><em>Diskusn\u00fd ve\u010der organizuje Gymn\u00e1zium sv. Edity Steinovej v\u00a0spolupr\u00e1ci so \u0160t\u00e1tnou vedeckou kni\u017enicou v\u00a0Ko\u0161iciach, American Center Ko\u0161ice a\u00a0Ko\u0161ickou arcidiec\u00e9zou.<\/em><\/p>\n\n\n<div class=\"wp-block-image\">\n<figure class=\"aligncenter size-full\"><img decoding=\"async\" src=\"https:\/\/gymes.eu\/wp-content\/uploads\/2025\/04\/Horizonty-buducnosti-POSTER-scaled.jpg\" alt=\"\" class=\"wp-image-3823\"\/><\/figure>\n<\/div>","protected":false},"excerpt":{"rendered":"<p>Poz\u00fdvame v\u00e1s na tret\u00ed GYMES diskusn\u00fd ve\u010der \u201eHorizonty bud\u00facnosti\u201c, ktor\u00fd sa bude tentokr\u00e1tvenova\u0165 \u00falohe mlad\u00fdch v\u00a0cirkvi a\u00a0cirkvi pre mlad\u00fdch. Pozvanie do diskusie prijali: Kedy: 7. m\u00e1j 2025, 18:00 \u2013 19:30Kde: Kult\u00farno-vzdel\u00e1vacie centrum \u0160t\u00e1tnej vedeckej kni\u017enice, Pribinova 1, Ko\u0161ice Pr\u00ed\u010fte spolo\u010dne diskutova\u0165 o tom, ako m\u00f4\u017eu mlad\u00ed \u013eudia formova\u0165 bud\u00facnos\u0165 cirkvi a n\u00e1js\u0165 svojemiesto v jej [&hellip;]<\/p>\n","protected":false},"author":2,"featured_media":0,"comment_status":"closed","ping_status":"closed","sticky":false,"template":"","format":"standard","meta":{"_acf_changed":false,"rs_blank_template":"","rs_page_bg_color":"","slide_template_v7":"","_monsterinsights_skip_tracking":false,"footnotes":""},"categories":[26],"tags":[21,27,24,20],"class_list":["post-3821","post","type-post","status-publish","format-standard","hentry","category-event","tag-2024-2025","tag-event","tag-gymes","tag-gymeske"],"acf":[],"featured_image_src":{"landsacpe":false,"list":false,"medium":false,"full":false},"yoast_head":"<!-- This site is optimized with the Yoast SEO plugin v28.3 - https:\/\/yoast.com\/product\/yoast-seo-wordpress\/ -->\n<title>Horizonty bud\u00facnosti - Gymn\u00e1zium sv. Edity Steinovej<\/title>\n<meta name=\"robots\" content=\"index, follow, max-snippet:-1, max-image-preview:large, max-video-preview:-1\" \/>\n<link rel=\"canonical\" href=\"https:\/\/gymes.eu\/en\/2025\/04\/15\/horizonty-buducnosti\/\" \/>\n<meta property=\"og:locale\" content=\"en_GB\" \/>\n<meta property=\"og:type\" content=\"article\" \/>\n<meta property=\"og:title\" content=\"Horizonty bud\u00facnosti - Gymn\u00e1zium sv. Edity Steinovej\" \/>\n<meta property=\"og:description\" content=\"Poz\u00fdvame v\u00e1s na tret\u00ed GYMES diskusn\u00fd ve\u010der \u201eHorizonty bud\u00facnosti\u201c, ktor\u00fd sa bude tentokr\u00e1tvenova\u0165 \u00falohe mlad\u00fdch v\u00a0cirkvi a\u00a0cirkvi pre mlad\u00fdch. Pozvanie do diskusie prijali: Kedy: 7. m\u00e1j 2025, 18:00 \u2013 19:30Kde: Kult\u00farno-vzdel\u00e1vacie centrum \u0160t\u00e1tnej vedeckej kni\u017enice, Pribinova 1, Ko\u0161ice Pr\u00ed\u010fte spolo\u010dne diskutova\u0165 o tom, ako m\u00f4\u017eu mlad\u00ed \u013eudia formova\u0165 bud\u00facnos\u0165 cirkvi a n\u00e1js\u0165 svojemiesto v jej [&hellip;]\" \/>\n<meta property=\"og:url\" content=\"https:\/\/gymes.eu\/en\/2025\/04\/15\/horizonty-buducnosti\/\" \/>\n<meta property=\"og:site_name\" content=\"Gymn\u00e1zium sv. Edity Steinovej\" \/>\n<meta property=\"article:publisher\" content=\"https:\/\/www.facebook.com\/GYMES.official\" \/>\n<meta property=\"article:published_time\" content=\"2025-04-15T09:18:26+00:00\" \/>\n<meta property=\"og:image\" content=\"https:\/\/gymes.eu\/wp-content\/uploads\/2025\/04\/QR-kod-horizonty-buducnosti.jpg\" \/>\n\t<meta property=\"og:image:width\" content=\"500\" \/>\n\t<meta property=\"og:image:height\" content=\"500\" \/>\n\t<meta property=\"og:image:type\" content=\"image\/jpeg\" \/>\n<meta name=\"author\" content=\"gymes\" \/>\n<meta name=\"twitter:card\" content=\"summary_large_image\" \/>\n<meta name=\"twitter:label1\" content=\"Written by\" \/>\n\t<meta name=\"twitter:data1\" content=\"gymes\" \/>\n\t<meta name=\"twitter:label2\" content=\"Estimated reading time\" \/>\n\t<meta name=\"twitter:data2\" content=\"2 minutes\" \/>\n<script type=\"application\/ld+json\" class=\"yoast-schema-graph\">{\"@context\":\"https:\\\/\\\/schema.org\",\"@graph\":[{\"@type\":\"Article\",\"@id\":\"https:\\\/\\\/gymes.eu\\\/2025\\\/04\\\/15\\\/horizonty-buducnosti\\\/#article\",\"isPartOf\":{\"@id\":\"https:\\\/\\\/gymes.eu\\\/2025\\\/04\\\/15\\\/horizonty-buducnosti\\\/\"},\"author\":{\"name\":\"gymes\",\"@id\":\"https:\\\/\\\/gymes.eu\\\/#\\\/schema\\\/person\\\/f24d3742350d642be8c21fd9aeccd085\"},\"headline\":\"Horizonty bud\u00facnosti\",\"datePublished\":\"2025-04-15T09:18:26+00:00\",\"mainEntityOfPage\":{\"@id\":\"https:\\\/\\\/gymes.eu\\\/2025\\\/04\\\/15\\\/horizonty-buducnosti\\\/\"},\"wordCount\":160,\"publisher\":{\"@id\":\"https:\\\/\\\/gymes.eu\\\/#organization\"},\"image\":{\"@id\":\"https:\\\/\\\/gymes.eu\\\/2025\\\/04\\\/15\\\/horizonty-buducnosti\\\/#primaryimage\"},\"thumbnailUrl\":\"https:\\\/\\\/gymes.eu\\\/wp-content\\\/uploads\\\/2025\\\/04\\\/QR-kod-horizonty-buducnosti.jpg\",\"keywords\":[\"2024\\\/2025\",\"Event\",\"GYMES\",\"GYMESKE\"],\"articleSection\":[\"Event\"],\"inLanguage\":\"en-GB\"},{\"@type\":\"WebPage\",\"@id\":\"https:\\\/\\\/gymes.eu\\\/2025\\\/04\\\/15\\\/horizonty-buducnosti\\\/\",\"url\":\"https:\\\/\\\/gymes.eu\\\/2025\\\/04\\\/15\\\/horizonty-buducnosti\\\/\",\"name\":\"Horizonty bud\u00facnosti - Gymn\u00e1zium sv. Edity Steinovej\",\"isPartOf\":{\"@id\":\"https:\\\/\\\/gymes.eu\\\/#website\"},\"primaryImageOfPage\":{\"@id\":\"https:\\\/\\\/gymes.eu\\\/2025\\\/04\\\/15\\\/horizonty-buducnosti\\\/#primaryimage\"},\"image\":{\"@id\":\"https:\\\/\\\/gymes.eu\\\/2025\\\/04\\\/15\\\/horizonty-buducnosti\\\/#primaryimage\"},\"thumbnailUrl\":\"https:\\\/\\\/gymes.eu\\\/wp-content\\\/uploads\\\/2025\\\/04\\\/QR-kod-horizonty-buducnosti.jpg\",\"datePublished\":\"2025-04-15T09:18:26+00:00\",\"breadcrumb\":{\"@id\":\"https:\\\/\\\/gymes.eu\\\/2025\\\/04\\\/15\\\/horizonty-buducnosti\\\/#breadcrumb\"},\"inLanguage\":\"en-GB\",\"potentialAction\":[{\"@type\":\"ReadAction\",\"target\":[\"https:\\\/\\\/gymes.eu\\\/2025\\\/04\\\/15\\\/horizonty-buducnosti\\\/\"]}]},{\"@type\":\"ImageObject\",\"inLanguage\":\"en-GB\",\"@id\":\"https:\\\/\\\/gymes.eu\\\/2025\\\/04\\\/15\\\/horizonty-buducnosti\\\/#primaryimage\",\"url\":\"https:\\\/\\\/gymes.eu\\\/wp-content\\\/uploads\\\/2025\\\/04\\\/QR-kod-horizonty-buducnosti.jpg\",\"contentUrl\":\"https:\\\/\\\/gymes.eu\\\/wp-content\\\/uploads\\\/2025\\\/04\\\/QR-kod-horizonty-buducnosti.jpg\"},{\"@type\":\"BreadcrumbList\",\"@id\":\"https:\\\/\\\/gymes.eu\\\/2025\\\/04\\\/15\\\/horizonty-buducnosti\\\/#breadcrumb\",\"itemListElement\":[{\"@type\":\"ListItem\",\"position\":1,\"name\":\"Home\",\"item\":\"https:\\\/\\\/gymes.eu\\\/\"},{\"@type\":\"ListItem\",\"position\":2,\"name\":\"Horizonty bud\u00facnosti\"}]},{\"@type\":\"WebSite\",\"@id\":\"https:\\\/\\\/gymes.eu\\\/#website\",\"url\":\"https:\\\/\\\/gymes.eu\\\/\",\"name\":\"Gymn\u00e1zium sv. Edity Steinovej\",\"description\":\"\",\"publisher\":{\"@id\":\"https:\\\/\\\/gymes.eu\\\/#organization\"},\"potentialAction\":[{\"@type\":\"SearchAction\",\"target\":{\"@type\":\"EntryPoint\",\"urlTemplate\":\"https:\\\/\\\/gymes.eu\\\/?s={search_term_string}\"},\"query-input\":{\"@type\":\"PropertyValueSpecification\",\"valueRequired\":true,\"valueName\":\"search_term_string\"}}],\"inLanguage\":\"en-GB\"},{\"@type\":\"Organization\",\"@id\":\"https:\\\/\\\/gymes.eu\\\/#organization\",\"name\":\"Gymn\u00e1zium sv. Edity Steinovej\",\"url\":\"https:\\\/\\\/gymes.eu\\\/\",\"logo\":{\"@type\":\"ImageObject\",\"inLanguage\":\"en-GB\",\"@id\":\"https:\\\/\\\/gymes.eu\\\/#\\\/schema\\\/logo\\\/image\\\/\",\"url\":\"https:\\\/\\\/gymes.eu\\\/wp-content\\\/uploads\\\/2024\\\/11\\\/gymesWEB.png\",\"contentUrl\":\"https:\\\/\\\/gymes.eu\\\/wp-content\\\/uploads\\\/2024\\\/11\\\/gymesWEB.png\",\"width\":300,\"height\":300,\"caption\":\"Gymn\u00e1zium sv. Edity Steinovej\"},\"image\":{\"@id\":\"https:\\\/\\\/gymes.eu\\\/#\\\/schema\\\/logo\\\/image\\\/\"},\"sameAs\":[\"https:\\\/\\\/www.facebook.com\\\/GYMES.official\"]},{\"@type\":\"Person\",\"@id\":\"https:\\\/\\\/gymes.eu\\\/#\\\/schema\\\/person\\\/f24d3742350d642be8c21fd9aeccd085\",\"name\":\"gymes\",\"image\":{\"@type\":\"ImageObject\",\"inLanguage\":\"en-GB\",\"@id\":\"https:\\\/\\\/secure.gravatar.com\\\/avatar\\\/5ffd6d49a25a23e54b954e2afda726cfbb59c3117d8f31d947b0a0cbb6f7cca7?s=96&d=mm&r=g\",\"url\":\"https:\\\/\\\/secure.gravatar.com\\\/avatar\\\/5ffd6d49a25a23e54b954e2afda726cfbb59c3117d8f31d947b0a0cbb6f7cca7?s=96&d=mm&r=g\",\"contentUrl\":\"https:\\\/\\\/secure.gravatar.com\\\/avatar\\\/5ffd6d49a25a23e54b954e2afda726cfbb59c3117d8f31d947b0a0cbb6f7cca7?s=96&d=mm&r=g\",\"caption\":\"gymes\"},\"url\":\"https:\\\/\\\/gymes.eu\\\/en\\\/author\\\/gymes\\\/\"}]}<\/script>\n<!-- \/ Yoast SEO plugin. -->","yoast_head_json":{"title":"Horizonty bud\u00facnosti - Gymn\u00e1zium sv. Edity Steinovej","robots":{"index":"index","follow":"follow","max-snippet":"max-snippet:-1","max-image-preview":"max-image-preview:large","max-video-preview":"max-video-preview:-1"},"canonical":"https:\/\/gymes.eu\/en\/2025\/04\/15\/horizonty-buducnosti\/","og_locale":"en_GB","og_type":"article","og_title":"Horizonty bud\u00facnosti - Gymn\u00e1zium sv. Edity Steinovej","og_description":"Poz\u00fdvame v\u00e1s na tret\u00ed GYMES diskusn\u00fd ve\u010der \u201eHorizonty bud\u00facnosti\u201c, ktor\u00fd sa bude tentokr\u00e1tvenova\u0165 \u00falohe mlad\u00fdch v\u00a0cirkvi a\u00a0cirkvi pre mlad\u00fdch. Pozvanie do diskusie prijali: Kedy: 7. m\u00e1j 2025, 18:00 \u2013 19:30Kde: Kult\u00farno-vzdel\u00e1vacie centrum \u0160t\u00e1tnej vedeckej kni\u017enice, Pribinova 1, Ko\u0161ice Pr\u00ed\u010fte spolo\u010dne diskutova\u0165 o tom, ako m\u00f4\u017eu mlad\u00ed \u013eudia formova\u0165 bud\u00facnos\u0165 cirkvi a n\u00e1js\u0165 svojemiesto v jej [&hellip;]","og_url":"https:\/\/gymes.eu\/en\/2025\/04\/15\/horizonty-buducnosti\/","og_site_name":"Gymn\u00e1zium sv. Edity Steinovej","article_publisher":"https:\/\/www.facebook.com\/GYMES.official","article_published_time":"2025-04-15T09:18:26+00:00","og_image":[{"width":500,"height":500,"url":"https:\/\/gymes.eu\/wp-content\/uploads\/2025\/04\/QR-kod-horizonty-buducnosti.jpg","type":"image\/jpeg"}],"author":"gymes","twitter_card":"summary_large_image","twitter_misc":{"Written by":"gymes","Estimated reading time":"2 minutes"},"schema":{"@context":"https:\/\/schema.org","@graph":[{"@type":"Article","@id":"https:\/\/gymes.eu\/2025\/04\/15\/horizonty-buducnosti\/#article","isPartOf":{"@id":"https:\/\/gymes.eu\/2025\/04\/15\/horizonty-buducnosti\/"},"author":{"name":"gymes","@id":"https:\/\/gymes.eu\/#\/schema\/person\/f24d3742350d642be8c21fd9aeccd085"},"headline":"Horizonty bud\u00facnosti","datePublished":"2025-04-15T09:18:26+00:00","mainEntityOfPage":{"@id":"https:\/\/gymes.eu\/2025\/04\/15\/horizonty-buducnosti\/"},"wordCount":160,"publisher":{"@id":"https:\/\/gymes.eu\/#organization"},"image":{"@id":"https:\/\/gymes.eu\/2025\/04\/15\/horizonty-buducnosti\/#primaryimage"},"thumbnailUrl":"https:\/\/gymes.eu\/wp-content\/uploads\/2025\/04\/QR-kod-horizonty-buducnosti.jpg","keywords":["2024\/2025","Event","GYMES","GYMESKE"],"articleSection":["Event"],"inLanguage":"en-GB"},{"@type":"WebPage","@id":"https:\/\/gymes.eu\/2025\/04\/15\/horizonty-buducnosti\/","url":"https:\/\/gymes.eu\/2025\/04\/15\/horizonty-buducnosti\/","name":"Horizonty bud\u00facnosti - Gymn\u00e1zium sv. Edity Steinovej","isPartOf":{"@id":"https:\/\/gymes.eu\/#website"},"primaryImageOfPage":{"@id":"https:\/\/gymes.eu\/2025\/04\/15\/horizonty-buducnosti\/#primaryimage"},"image":{"@id":"https:\/\/gymes.eu\/2025\/04\/15\/horizonty-buducnosti\/#primaryimage"},"thumbnailUrl":"https:\/\/gymes.eu\/wp-content\/uploads\/2025\/04\/QR-kod-horizonty-buducnosti.jpg","datePublished":"2025-04-15T09:18:26+00:00","breadcrumb":{"@id":"https:\/\/gymes.eu\/2025\/04\/15\/horizonty-buducnosti\/#breadcrumb"},"inLanguage":"en-GB","potentialAction":[{"@type":"ReadAction","target":["https:\/\/gymes.eu\/2025\/04\/15\/horizonty-buducnosti\/"]}]},{"@type":"ImageObject","inLanguage":"en-GB","@id":"https:\/\/gymes.eu\/2025\/04\/15\/horizonty-buducnosti\/#primaryimage","url":"https:\/\/gymes.eu\/wp-content\/uploads\/2025\/04\/QR-kod-horizonty-buducnosti.jpg","contentUrl":"https:\/\/gymes.eu\/wp-content\/uploads\/2025\/04\/QR-kod-horizonty-buducnosti.jpg"},{"@type":"BreadcrumbList","@id":"https:\/\/gymes.eu\/2025\/04\/15\/horizonty-buducnosti\/#breadcrumb","itemListElement":[{"@type":"ListItem","position":1,"name":"Home","item":"https:\/\/gymes.eu\/"},{"@type":"ListItem","position":2,"name":"Horizonty bud\u00facnosti"}]},{"@type":"WebSite","@id":"https:\/\/gymes.eu\/#website","url":"https:\/\/gymes.eu\/","name":"Gymn\u00e1zium sv. Edity Steinovej","description":"","publisher":{"@id":"https:\/\/gymes.eu\/#organization"},"potentialAction":[{"@type":"SearchAction","target":{"@type":"EntryPoint","urlTemplate":"https:\/\/gymes.eu\/?s={search_term_string}"},"query-input":{"@type":"PropertyValueSpecification","valueRequired":true,"valueName":"search_term_string"}}],"inLanguage":"en-GB"},{"@type":"Organization","@id":"https:\/\/gymes.eu\/#organization","name":"Gymn\u00e1zium sv. Edity Steinovej","url":"https:\/\/gymes.eu\/","logo":{"@type":"ImageObject","inLanguage":"en-GB","@id":"https:\/\/gymes.eu\/#\/schema\/logo\/image\/","url":"https:\/\/gymes.eu\/wp-content\/uploads\/2024\/11\/gymesWEB.png","contentUrl":"https:\/\/gymes.eu\/wp-content\/uploads\/2024\/11\/gymesWEB.png","width":300,"height":300,"caption":"Gymn\u00e1zium sv. Edity Steinovej"},"image":{"@id":"https:\/\/gymes.eu\/#\/schema\/logo\/image\/"},"sameAs":["https:\/\/www.facebook.com\/GYMES.official"]},{"@type":"Person","@id":"https:\/\/gymes.eu\/#\/schema\/person\/f24d3742350d642be8c21fd9aeccd085","name":"gymes","image":{"@type":"ImageObject","inLanguage":"en-GB","@id":"https:\/\/secure.gravatar.com\/avatar\/5ffd6d49a25a23e54b954e2afda726cfbb59c3117d8f31d947b0a0cbb6f7cca7?s=96&d=mm&r=g","url":"https:\/\/secure.gravatar.com\/avatar\/5ffd6d49a25a23e54b954e2afda726cfbb59c3117d8f31d947b0a0cbb6f7cca7?s=96&d=mm&r=g","contentUrl":"https:\/\/secure.gravatar.com\/avatar\/5ffd6d49a25a23e54b954e2afda726cfbb59c3117d8f31d947b0a0cbb6f7cca7?s=96&d=mm&r=g","caption":"gymes"},"url":"https:\/\/gymes.eu\/en\/author\/gymes\/"}]}},"_links":{"self":[{"href":"https:\/\/gymes.eu\/en\/wp-json\/wp\/v2\/posts\/3821","targetHints":{"allow":["GET"]}}],"collection":[{"href":"https:\/\/gymes.eu\/en\/wp-json\/wp\/v2\/posts"}],"about":[{"href":"https:\/\/gymes.eu\/en\/wp-json\/wp\/v2\/types\/post"}],"author":[{"embeddable":true,"href":"https:\/\/gymes.eu\/en\/wp-json\/wp\/v2\/users\/2"}],"replies":[{"embeddable":true,"href":"https:\/\/gymes.eu\/en\/wp-json\/wp\/v2\/comments?post=3821"}],"version-history":[{"count":0,"href":"https:\/\/gymes.eu\/en\/wp-json\/wp\/v2\/posts\/3821\/revisions"}],"wp:attachment":[{"href":"https:\/\/gymes.eu\/en\/wp-json\/wp\/v2\/media?parent=3821"}],"wp:term":[{"taxonomy":"category","embeddable":true,"href":"https:\/\/gymes.eu\/en\/wp-json\/wp\/v2\/categories?post=3821"},{"taxonomy":"post_tag","embeddable":true,"href":"https:\/\/gymes.eu\/en\/wp-json\/wp\/v2\/tags?post=3821"}],"curies":[{"name":"wp","href":"https:\/\/api.w.org\/{rel}","templated":true}]}}