{"id":3328,"date":"2024-03-18T20:45:56","date_gmt":"2024-03-18T19:45:56","guid":{"rendered":"https:\/\/gymes.eu\/?p=3328"},"modified":"2024-03-18T20:45:56","modified_gmt":"2024-03-18T19:45:56","slug":"beneficny-koncert-2","status":"publish","type":"post","link":"https:\/\/gymes.eu\/en\/2024\/03\/18\/beneficny-koncert-2\/","title":{"rendered":"Benefi\u010dn\u00fd koncert"},"content":{"rendered":"<p class=\"has-text-align-center wp-block-paragraph\">Srde\u010dne poz\u00fdvame na tradi\u010dn\u00fd benefi\u010dn\u00fd koncert n\u00e1\u0161ho gymn\u00e1zia, ktor\u00fd sa uskuto\u010dn\u00ed <\/p>\n\n\n\n<p class=\"has-text-align-center wp-block-paragraph\"><strong><mark style=\"background-color:rgba(0, 0, 0, 0)\" class=\"has-inline-color has-neve-link-color-color\">vo \u0161tvrtok 11. apr\u00edla 2024 so za\u010diatkom o 18:00 hod.<\/mark><\/strong><\/p>\n\n\n\n<p class=\"has-text-align-center wp-block-paragraph\">v aule sv\u00e4t\u00fdch Ko\u0161ick\u00fdch mu\u010den\u00edkov na Teologickej fakulte v Ko\u0161iciach, Hlavn\u00e1 89.<\/p>\n\n\n\n<p class=\"has-text-align-center wp-block-paragraph\">V\u00fd\u0165a\u017eok z koncertu bude venovan\u00fd <strong>Domovu soci\u00e1lnych slu\u017eieb HARMONIA v Str\u00e1\u017eskom.<\/strong><\/p>\n\n\n\n<p class=\"has-text-align-center wp-block-paragraph\"><mark style=\"background-color:rgba(0, 0, 0, 0)\" class=\"has-inline-color has-neve-link-hover-color-color\"><strong>Te\u0161\u00edme sa na V\u00e1s! <\/strong><\/mark><\/p>\n\n\n<div class=\"wp-block-image\">\n<figure class=\"aligncenter size-large\"><img loading=\"lazy\" decoding=\"async\" width=\"724\" height=\"1024\" src=\"https:\/\/gymes.eu\/wp-content\/uploads\/2024\/03\/Koncert-plagat-724x1024.jpg\" alt=\"\" class=\"wp-image-3329\" srcset=\"https:\/\/gymes.eu\/wp-content\/uploads\/2024\/03\/Koncert-plagat-724x1024.jpg 724w, https:\/\/gymes.eu\/wp-content\/uploads\/2024\/03\/Koncert-plagat-640x905.jpg 640w, https:\/\/gymes.eu\/wp-content\/uploads\/2024\/03\/Koncert-plagat-400x566.jpg 400w, https:\/\/gymes.eu\/wp-content\/uploads\/2024\/03\/Koncert-plagat-367x519.jpg 367w\" sizes=\"auto, (max-width: 724px) 100vw, 724px\" \/><\/figure>\n<\/div>","protected":false},"excerpt":{"rendered":"<p>Srde\u010dne poz\u00fdvame na tradi\u010dn\u00fd benefi\u010dn\u00fd koncert n\u00e1\u0161ho gymn\u00e1zia, ktor\u00fd sa uskuto\u010dn\u00ed vo \u0161tvrtok 11. apr\u00edla 2024 so za\u010diatkom o 18:00 hod. v aule sv\u00e4t\u00fdch Ko\u0161ick\u00fdch mu\u010den\u00edkov na Teologickej fakulte v Ko\u0161iciach, Hlavn\u00e1 89. V\u00fd\u0165a\u017eok z koncertu bude venovan\u00fd Domovu soci\u00e1lnych slu\u017eieb HARMONIA v Str\u00e1\u017eskom. Te\u0161\u00edme sa na V\u00e1s!<\/p>","protected":false},"author":2,"featured_media":0,"comment_status":"closed","ping_status":"closed","sticky":false,"template":"","format":"standard","meta":{"_acf_changed":false,"rs_blank_template":"","rs_page_bg_color":"","slide_template_v7":"","_monsterinsights_skip_tracking":false,"footnotes":""},"categories":[16],"tags":[],"class_list":["post-3328","post","type-post","status-publish","format-standard","hentry","category-oznamy"],"acf":[],"featured_image_src":{"landsacpe":false,"list":false,"medium":false,"full":false},"yoast_head":"<!-- This site is optimized with the Yoast SEO plugin v28.3 - https:\/\/yoast.com\/product\/yoast-seo-wordpress\/ -->\n<title>Benefi\u010dn\u00fd koncert - Gymn\u00e1zium sv. Edity Steinovej<\/title>\n<meta name=\"robots\" content=\"index, follow, max-snippet:-1, max-image-preview:large, max-video-preview:-1\" \/>\n<link rel=\"canonical\" href=\"https:\/\/gymes.eu\/en\/2024\/03\/18\/beneficny-koncert-2\/\" \/>\n<meta property=\"og:locale\" content=\"en_GB\" \/>\n<meta property=\"og:type\" content=\"article\" \/>\n<meta property=\"og:title\" content=\"Benefi\u010dn\u00fd koncert - Gymn\u00e1zium sv. Edity Steinovej\" \/>\n<meta property=\"og:description\" content=\"Srde\u010dne poz\u00fdvame na tradi\u010dn\u00fd benefi\u010dn\u00fd koncert n\u00e1\u0161ho gymn\u00e1zia, ktor\u00fd sa uskuto\u010dn\u00ed vo \u0161tvrtok 11. apr\u00edla 2024 so za\u010diatkom o 18:00 hod. v aule sv\u00e4t\u00fdch Ko\u0161ick\u00fdch mu\u010den\u00edkov na Teologickej fakulte v Ko\u0161iciach, Hlavn\u00e1 89. V\u00fd\u0165a\u017eok z koncertu bude venovan\u00fd Domovu soci\u00e1lnych slu\u017eieb HARMONIA v Str\u00e1\u017eskom. Te\u0161\u00edme sa na V\u00e1s!\" \/>\n<meta property=\"og:url\" content=\"https:\/\/gymes.eu\/en\/2024\/03\/18\/beneficny-koncert-2\/\" \/>\n<meta property=\"og:site_name\" content=\"Gymn\u00e1zium sv. Edity Steinovej\" \/>\n<meta property=\"article:publisher\" content=\"https:\/\/www.facebook.com\/GYMES.official\" \/>\n<meta property=\"article:published_time\" content=\"2024-03-18T19:45:56+00:00\" \/>\n<meta property=\"og:image\" content=\"https:\/\/gymes.eu\/wp-content\/uploads\/2024\/03\/Koncert-plagat.jpg\" \/>\n\t<meta property=\"og:image:width\" content=\"1587\" \/>\n\t<meta property=\"og:image:height\" content=\"2245\" \/>\n\t<meta property=\"og:image:type\" content=\"image\/jpeg\" \/>\n<meta name=\"author\" content=\"gymes\" \/>\n<meta name=\"twitter:card\" content=\"summary_large_image\" \/>\n<meta name=\"twitter:label1\" content=\"Written by\" \/>\n\t<meta name=\"twitter:data1\" content=\"gymes\" \/>\n\t<meta name=\"twitter:label2\" content=\"Estimated reading time\" \/>\n\t<meta name=\"twitter:data2\" content=\"1 minute\" \/>\n<script type=\"application\/ld+json\" class=\"yoast-schema-graph\">{\"@context\":\"https:\\\/\\\/schema.org\",\"@graph\":[{\"@type\":\"Article\",\"@id\":\"https:\\\/\\\/gymes.eu\\\/2024\\\/03\\\/18\\\/beneficny-koncert-2\\\/#article\",\"isPartOf\":{\"@id\":\"https:\\\/\\\/gymes.eu\\\/2024\\\/03\\\/18\\\/beneficny-koncert-2\\\/\"},\"author\":{\"name\":\"gymes\",\"@id\":\"https:\\\/\\\/gymes.eu\\\/#\\\/schema\\\/person\\\/f24d3742350d642be8c21fd9aeccd085\"},\"headline\":\"Benefi\u010dn\u00fd koncert\",\"datePublished\":\"2024-03-18T19:45:56+00:00\",\"mainEntityOfPage\":{\"@id\":\"https:\\\/\\\/gymes.eu\\\/2024\\\/03\\\/18\\\/beneficny-koncert-2\\\/\"},\"wordCount\":70,\"publisher\":{\"@id\":\"https:\\\/\\\/gymes.eu\\\/#organization\"},\"image\":{\"@id\":\"https:\\\/\\\/gymes.eu\\\/2024\\\/03\\\/18\\\/beneficny-koncert-2\\\/#primaryimage\"},\"thumbnailUrl\":\"https:\\\/\\\/gymes.eu\\\/wp-content\\\/uploads\\\/2024\\\/03\\\/Koncert-plagat-724x1024.jpg\",\"articleSection\":[\"Oznamy\"],\"inLanguage\":\"en-GB\"},{\"@type\":\"WebPage\",\"@id\":\"https:\\\/\\\/gymes.eu\\\/2024\\\/03\\\/18\\\/beneficny-koncert-2\\\/\",\"url\":\"https:\\\/\\\/gymes.eu\\\/2024\\\/03\\\/18\\\/beneficny-koncert-2\\\/\",\"name\":\"Benefi\u010dn\u00fd koncert - Gymn\u00e1zium sv. Edity Steinovej\",\"isPartOf\":{\"@id\":\"https:\\\/\\\/gymes.eu\\\/#website\"},\"primaryImageOfPage\":{\"@id\":\"https:\\\/\\\/gymes.eu\\\/2024\\\/03\\\/18\\\/beneficny-koncert-2\\\/#primaryimage\"},\"image\":{\"@id\":\"https:\\\/\\\/gymes.eu\\\/2024\\\/03\\\/18\\\/beneficny-koncert-2\\\/#primaryimage\"},\"thumbnailUrl\":\"https:\\\/\\\/gymes.eu\\\/wp-content\\\/uploads\\\/2024\\\/03\\\/Koncert-plagat-724x1024.jpg\",\"datePublished\":\"2024-03-18T19:45:56+00:00\",\"breadcrumb\":{\"@id\":\"https:\\\/\\\/gymes.eu\\\/2024\\\/03\\\/18\\\/beneficny-koncert-2\\\/#breadcrumb\"},\"inLanguage\":\"en-GB\",\"potentialAction\":[{\"@type\":\"ReadAction\",\"target\":[\"https:\\\/\\\/gymes.eu\\\/2024\\\/03\\\/18\\\/beneficny-koncert-2\\\/\"]}]},{\"@type\":\"ImageObject\",\"inLanguage\":\"en-GB\",\"@id\":\"https:\\\/\\\/gymes.eu\\\/2024\\\/03\\\/18\\\/beneficny-koncert-2\\\/#primaryimage\",\"url\":\"https:\\\/\\\/gymes.eu\\\/wp-content\\\/uploads\\\/2024\\\/03\\\/Koncert-plagat-724x1024.jpg\",\"contentUrl\":\"https:\\\/\\\/gymes.eu\\\/wp-content\\\/uploads\\\/2024\\\/03\\\/Koncert-plagat-724x1024.jpg\"},{\"@type\":\"BreadcrumbList\",\"@id\":\"https:\\\/\\\/gymes.eu\\\/2024\\\/03\\\/18\\\/beneficny-koncert-2\\\/#breadcrumb\",\"itemListElement\":[{\"@type\":\"ListItem\",\"position\":1,\"name\":\"Home\",\"item\":\"https:\\\/\\\/gymes.eu\\\/\"},{\"@type\":\"ListItem\",\"position\":2,\"name\":\"Benefi\u010dn\u00fd koncert\"}]},{\"@type\":\"WebSite\",\"@id\":\"https:\\\/\\\/gymes.eu\\\/#website\",\"url\":\"https:\\\/\\\/gymes.eu\\\/\",\"name\":\"Gymn\u00e1zium sv. Edity Steinovej\",\"description\":\"\",\"publisher\":{\"@id\":\"https:\\\/\\\/gymes.eu\\\/#organization\"},\"potentialAction\":[{\"@type\":\"SearchAction\",\"target\":{\"@type\":\"EntryPoint\",\"urlTemplate\":\"https:\\\/\\\/gymes.eu\\\/?s={search_term_string}\"},\"query-input\":{\"@type\":\"PropertyValueSpecification\",\"valueRequired\":true,\"valueName\":\"search_term_string\"}}],\"inLanguage\":\"en-GB\"},{\"@type\":\"Organization\",\"@id\":\"https:\\\/\\\/gymes.eu\\\/#organization\",\"name\":\"Gymn\u00e1zium sv. Edity Steinovej\",\"url\":\"https:\\\/\\\/gymes.eu\\\/\",\"logo\":{\"@type\":\"ImageObject\",\"inLanguage\":\"en-GB\",\"@id\":\"https:\\\/\\\/gymes.eu\\\/#\\\/schema\\\/logo\\\/image\\\/\",\"url\":\"https:\\\/\\\/gymes.eu\\\/wp-content\\\/uploads\\\/2024\\\/11\\\/gymesWEB.png\",\"contentUrl\":\"https:\\\/\\\/gymes.eu\\\/wp-content\\\/uploads\\\/2024\\\/11\\\/gymesWEB.png\",\"width\":300,\"height\":300,\"caption\":\"Gymn\u00e1zium sv. Edity Steinovej\"},\"image\":{\"@id\":\"https:\\\/\\\/gymes.eu\\\/#\\\/schema\\\/logo\\\/image\\\/\"},\"sameAs\":[\"https:\\\/\\\/www.facebook.com\\\/GYMES.official\"]},{\"@type\":\"Person\",\"@id\":\"https:\\\/\\\/gymes.eu\\\/#\\\/schema\\\/person\\\/f24d3742350d642be8c21fd9aeccd085\",\"name\":\"gymes\",\"image\":{\"@type\":\"ImageObject\",\"inLanguage\":\"en-GB\",\"@id\":\"https:\\\/\\\/secure.gravatar.com\\\/avatar\\\/5ffd6d49a25a23e54b954e2afda726cfbb59c3117d8f31d947b0a0cbb6f7cca7?s=96&d=mm&r=g\",\"url\":\"https:\\\/\\\/secure.gravatar.com\\\/avatar\\\/5ffd6d49a25a23e54b954e2afda726cfbb59c3117d8f31d947b0a0cbb6f7cca7?s=96&d=mm&r=g\",\"contentUrl\":\"https:\\\/\\\/secure.gravatar.com\\\/avatar\\\/5ffd6d49a25a23e54b954e2afda726cfbb59c3117d8f31d947b0a0cbb6f7cca7?s=96&d=mm&r=g\",\"caption\":\"gymes\"},\"url\":\"https:\\\/\\\/gymes.eu\\\/en\\\/author\\\/gymes\\\/\"}]}<\/script>\n<!-- \/ Yoast SEO plugin. -->","yoast_head_json":{"title":"Benefi\u010dn\u00fd koncert - Gymn\u00e1zium sv. Edity Steinovej","robots":{"index":"index","follow":"follow","max-snippet":"max-snippet:-1","max-image-preview":"max-image-preview:large","max-video-preview":"max-video-preview:-1"},"canonical":"https:\/\/gymes.eu\/en\/2024\/03\/18\/beneficny-koncert-2\/","og_locale":"en_GB","og_type":"article","og_title":"Benefi\u010dn\u00fd koncert - Gymn\u00e1zium sv. Edity Steinovej","og_description":"Srde\u010dne poz\u00fdvame na tradi\u010dn\u00fd benefi\u010dn\u00fd koncert n\u00e1\u0161ho gymn\u00e1zia, ktor\u00fd sa uskuto\u010dn\u00ed vo \u0161tvrtok 11. apr\u00edla 2024 so za\u010diatkom o 18:00 hod. v aule sv\u00e4t\u00fdch Ko\u0161ick\u00fdch mu\u010den\u00edkov na Teologickej fakulte v Ko\u0161iciach, Hlavn\u00e1 89. V\u00fd\u0165a\u017eok z koncertu bude venovan\u00fd Domovu soci\u00e1lnych slu\u017eieb HARMONIA v Str\u00e1\u017eskom. Te\u0161\u00edme sa na V\u00e1s!","og_url":"https:\/\/gymes.eu\/en\/2024\/03\/18\/beneficny-koncert-2\/","og_site_name":"Gymn\u00e1zium sv. Edity Steinovej","article_publisher":"https:\/\/www.facebook.com\/GYMES.official","article_published_time":"2024-03-18T19:45:56+00:00","og_image":[{"width":1587,"height":2245,"url":"https:\/\/gymes.eu\/wp-content\/uploads\/2024\/03\/Koncert-plagat.jpg","type":"image\/jpeg"}],"author":"gymes","twitter_card":"summary_large_image","twitter_misc":{"Written by":"gymes","Estimated reading time":"1 minute"},"schema":{"@context":"https:\/\/schema.org","@graph":[{"@type":"Article","@id":"https:\/\/gymes.eu\/2024\/03\/18\/beneficny-koncert-2\/#article","isPartOf":{"@id":"https:\/\/gymes.eu\/2024\/03\/18\/beneficny-koncert-2\/"},"author":{"name":"gymes","@id":"https:\/\/gymes.eu\/#\/schema\/person\/f24d3742350d642be8c21fd9aeccd085"},"headline":"Benefi\u010dn\u00fd koncert","datePublished":"2024-03-18T19:45:56+00:00","mainEntityOfPage":{"@id":"https:\/\/gymes.eu\/2024\/03\/18\/beneficny-koncert-2\/"},"wordCount":70,"publisher":{"@id":"https:\/\/gymes.eu\/#organization"},"image":{"@id":"https:\/\/gymes.eu\/2024\/03\/18\/beneficny-koncert-2\/#primaryimage"},"thumbnailUrl":"https:\/\/gymes.eu\/wp-content\/uploads\/2024\/03\/Koncert-plagat-724x1024.jpg","articleSection":["Oznamy"],"inLanguage":"en-GB"},{"@type":"WebPage","@id":"https:\/\/gymes.eu\/2024\/03\/18\/beneficny-koncert-2\/","url":"https:\/\/gymes.eu\/2024\/03\/18\/beneficny-koncert-2\/","name":"Benefi\u010dn\u00fd koncert - Gymn\u00e1zium sv. Edity Steinovej","isPartOf":{"@id":"https:\/\/gymes.eu\/#website"},"primaryImageOfPage":{"@id":"https:\/\/gymes.eu\/2024\/03\/18\/beneficny-koncert-2\/#primaryimage"},"image":{"@id":"https:\/\/gymes.eu\/2024\/03\/18\/beneficny-koncert-2\/#primaryimage"},"thumbnailUrl":"https:\/\/gymes.eu\/wp-content\/uploads\/2024\/03\/Koncert-plagat-724x1024.jpg","datePublished":"2024-03-18T19:45:56+00:00","breadcrumb":{"@id":"https:\/\/gymes.eu\/2024\/03\/18\/beneficny-koncert-2\/#breadcrumb"},"inLanguage":"en-GB","potentialAction":[{"@type":"ReadAction","target":["https:\/\/gymes.eu\/2024\/03\/18\/beneficny-koncert-2\/"]}]},{"@type":"ImageObject","inLanguage":"en-GB","@id":"https:\/\/gymes.eu\/2024\/03\/18\/beneficny-koncert-2\/#primaryimage","url":"https:\/\/gymes.eu\/wp-content\/uploads\/2024\/03\/Koncert-plagat-724x1024.jpg","contentUrl":"https:\/\/gymes.eu\/wp-content\/uploads\/2024\/03\/Koncert-plagat-724x1024.jpg"},{"@type":"BreadcrumbList","@id":"https:\/\/gymes.eu\/2024\/03\/18\/beneficny-koncert-2\/#breadcrumb","itemListElement":[{"@type":"ListItem","position":1,"name":"Home","item":"https:\/\/gymes.eu\/"},{"@type":"ListItem","position":2,"name":"Benefi\u010dn\u00fd koncert"}]},{"@type":"WebSite","@id":"https:\/\/gymes.eu\/#website","url":"https:\/\/gymes.eu\/","name":"Gymn\u00e1zium sv. Edity Steinovej","description":"","publisher":{"@id":"https:\/\/gymes.eu\/#organization"},"potentialAction":[{"@type":"SearchAction","target":{"@type":"EntryPoint","urlTemplate":"https:\/\/gymes.eu\/?s={search_term_string}"},"query-input":{"@type":"PropertyValueSpecification","valueRequired":true,"valueName":"search_term_string"}}],"inLanguage":"en-GB"},{"@type":"Organization","@id":"https:\/\/gymes.eu\/#organization","name":"Gymn\u00e1zium sv. Edity Steinovej","url":"https:\/\/gymes.eu\/","logo":{"@type":"ImageObject","inLanguage":"en-GB","@id":"https:\/\/gymes.eu\/#\/schema\/logo\/image\/","url":"https:\/\/gymes.eu\/wp-content\/uploads\/2024\/11\/gymesWEB.png","contentUrl":"https:\/\/gymes.eu\/wp-content\/uploads\/2024\/11\/gymesWEB.png","width":300,"height":300,"caption":"Gymn\u00e1zium sv. Edity Steinovej"},"image":{"@id":"https:\/\/gymes.eu\/#\/schema\/logo\/image\/"},"sameAs":["https:\/\/www.facebook.com\/GYMES.official"]},{"@type":"Person","@id":"https:\/\/gymes.eu\/#\/schema\/person\/f24d3742350d642be8c21fd9aeccd085","name":"gymes","image":{"@type":"ImageObject","inLanguage":"en-GB","@id":"https:\/\/secure.gravatar.com\/avatar\/5ffd6d49a25a23e54b954e2afda726cfbb59c3117d8f31d947b0a0cbb6f7cca7?s=96&d=mm&r=g","url":"https:\/\/secure.gravatar.com\/avatar\/5ffd6d49a25a23e54b954e2afda726cfbb59c3117d8f31d947b0a0cbb6f7cca7?s=96&d=mm&r=g","contentUrl":"https:\/\/secure.gravatar.com\/avatar\/5ffd6d49a25a23e54b954e2afda726cfbb59c3117d8f31d947b0a0cbb6f7cca7?s=96&d=mm&r=g","caption":"gymes"},"url":"https:\/\/gymes.eu\/en\/author\/gymes\/"}]}},"_links":{"self":[{"href":"https:\/\/gymes.eu\/en\/wp-json\/wp\/v2\/posts\/3328","targetHints":{"allow":["GET"]}}],"collection":[{"href":"https:\/\/gymes.eu\/en\/wp-json\/wp\/v2\/posts"}],"about":[{"href":"https:\/\/gymes.eu\/en\/wp-json\/wp\/v2\/types\/post"}],"author":[{"embeddable":true,"href":"https:\/\/gymes.eu\/en\/wp-json\/wp\/v2\/users\/2"}],"replies":[{"embeddable":true,"href":"https:\/\/gymes.eu\/en\/wp-json\/wp\/v2\/comments?post=3328"}],"version-history":[{"count":0,"href":"https:\/\/gymes.eu\/en\/wp-json\/wp\/v2\/posts\/3328\/revisions"}],"wp:attachment":[{"href":"https:\/\/gymes.eu\/en\/wp-json\/wp\/v2\/media?parent=3328"}],"wp:term":[{"taxonomy":"category","embeddable":true,"href":"https:\/\/gymes.eu\/en\/wp-json\/wp\/v2\/categories?post=3328"},{"taxonomy":"post_tag","embeddable":true,"href":"https:\/\/gymes.eu\/en\/wp-json\/wp\/v2\/tags?post=3328"}],"curies":[{"name":"wp","href":"https:\/\/api.w.org\/{rel}","templated":true}]}}