{"id":3083,"date":"2023-09-01T20:58:36","date_gmt":"2023-09-01T18:58:36","guid":{"rendered":"https:\/\/gymes.eu\/?p=3083"},"modified":"2023-09-01T20:58:36","modified_gmt":"2023-09-01T18:58:36","slug":"plenarne-zrps","status":"publish","type":"post","link":"https:\/\/gymes.eu\/en\/2023\/09\/01\/plenarne-zrps\/","title":{"rendered":"Plen\u00e1rne ZRP\u0160"},"content":{"rendered":"<p class=\"wp-block-paragraph\">Riadite\u013e \u0161koly poz\u00fdva v\u0161etk\u00fdch rodi\u010dov na plen\u00e1rne ZRP\u0160, ktor\u00e9 sa uskuto\u010dn\u00ed <strong>v stredu 13. septembra 2023 o 16. hodine<\/strong> v jed\u00e1lni \u0161koly. Po skon\u010den\u00ed plen\u00e1rneho ZRP\u0160 bud\u00fa pokra\u010dova\u0165 stretnutia s triednymi u\u010dite\u013emi v kme\u0148ov\u00fdch u\u010debniach. Z\u00e1rove\u0148 V\u00e1s poz\u00fdvame  na <strong>sv. om\u0161u o 15:25 hod.<\/strong> v kaplnke na\u0161ej \u0161koly.<\/p>","protected":false},"excerpt":{"rendered":"<p>Riadite\u013e \u0161koly poz\u00fdva v\u0161etk\u00fdch rodi\u010dov na plen\u00e1rne ZRP\u0160, ktor\u00e9 sa uskuto\u010dn\u00ed v stredu 13. septembra 2023 o 16. hodine v jed\u00e1lni \u0161koly. Po skon\u010den\u00ed plen\u00e1rneho ZRP\u0160 bud\u00fa pokra\u010dova\u0165 stretnutia s triednymi u\u010dite\u013emi v kme\u0148ov\u00fdch u\u010debniach. Z\u00e1rove\u0148 V\u00e1s poz\u00fdvame na sv. om\u0161u o 15:25 hod. v kaplnke na\u0161ej \u0161koly.<\/p>","protected":false},"author":2,"featured_media":0,"comment_status":"closed","ping_status":"closed","sticky":false,"template":"","format":"standard","meta":{"_acf_changed":false,"rs_blank_template":"","rs_page_bg_color":"","slide_template_v7":"","_monsterinsights_skip_tracking":false,"footnotes":""},"categories":[16],"tags":[],"class_list":["post-3083","post","type-post","status-publish","format-standard","hentry","category-oznamy"],"acf":[],"featured_image_src":{"landsacpe":false,"list":false,"medium":false,"full":false},"yoast_head":"<!-- This site is optimized with the Yoast SEO plugin v28.3 - https:\/\/yoast.com\/product\/yoast-seo-wordpress\/ -->\n<title>Plen\u00e1rne ZRP\u0160 - Gymn\u00e1zium sv. Edity Steinovej<\/title>\n<meta name=\"robots\" content=\"index, follow, max-snippet:-1, max-image-preview:large, max-video-preview:-1\" \/>\n<link rel=\"canonical\" href=\"https:\/\/gymes.eu\/en\/2023\/09\/01\/plenarne-zrps\/\" \/>\n<meta property=\"og:locale\" content=\"en_GB\" \/>\n<meta property=\"og:type\" content=\"article\" \/>\n<meta property=\"og:title\" content=\"Plen\u00e1rne ZRP\u0160 - Gymn\u00e1zium sv. Edity Steinovej\" \/>\n<meta property=\"og:description\" content=\"Riadite\u013e \u0161koly poz\u00fdva v\u0161etk\u00fdch rodi\u010dov na plen\u00e1rne ZRP\u0160, ktor\u00e9 sa uskuto\u010dn\u00ed v stredu 13. septembra 2023 o 16. hodine v jed\u00e1lni \u0161koly. Po skon\u010den\u00ed plen\u00e1rneho ZRP\u0160 bud\u00fa pokra\u010dova\u0165 stretnutia s triednymi u\u010dite\u013emi v kme\u0148ov\u00fdch u\u010debniach. Z\u00e1rove\u0148 V\u00e1s poz\u00fdvame na sv. om\u0161u o 15:25 hod. v kaplnke na\u0161ej \u0161koly.\" \/>\n<meta property=\"og:url\" content=\"https:\/\/gymes.eu\/en\/2023\/09\/01\/plenarne-zrps\/\" \/>\n<meta property=\"og:site_name\" content=\"Gymn\u00e1zium sv. Edity Steinovej\" \/>\n<meta property=\"article:publisher\" content=\"https:\/\/www.facebook.com\/GYMES.official\" \/>\n<meta property=\"article:published_time\" content=\"2023-09-01T18:58:36+00:00\" \/>\n<meta name=\"author\" content=\"gymes\" \/>\n<meta name=\"twitter:card\" content=\"summary_large_image\" \/>\n<meta name=\"twitter:label1\" content=\"Written by\" \/>\n\t<meta name=\"twitter:data1\" content=\"gymes\" \/>\n\t<meta name=\"twitter:label2\" content=\"Estimated reading time\" \/>\n\t<meta name=\"twitter:data2\" content=\"1 minute\" \/>\n<script type=\"application\/ld+json\" class=\"yoast-schema-graph\">{\"@context\":\"https:\\\/\\\/schema.org\",\"@graph\":[{\"@type\":\"Article\",\"@id\":\"https:\\\/\\\/gymes.eu\\\/2023\\\/09\\\/01\\\/plenarne-zrps\\\/#article\",\"isPartOf\":{\"@id\":\"https:\\\/\\\/gymes.eu\\\/2023\\\/09\\\/01\\\/plenarne-zrps\\\/\"},\"author\":{\"name\":\"gymes\",\"@id\":\"https:\\\/\\\/gymes.eu\\\/#\\\/schema\\\/person\\\/f24d3742350d642be8c21fd9aeccd085\"},\"headline\":\"Plen\u00e1rne ZRP\u0160\",\"datePublished\":\"2023-09-01T18:58:36+00:00\",\"mainEntityOfPage\":{\"@id\":\"https:\\\/\\\/gymes.eu\\\/2023\\\/09\\\/01\\\/plenarne-zrps\\\/\"},\"wordCount\":67,\"publisher\":{\"@id\":\"https:\\\/\\\/gymes.eu\\\/#organization\"},\"articleSection\":[\"Oznamy\"],\"inLanguage\":\"en-GB\"},{\"@type\":\"WebPage\",\"@id\":\"https:\\\/\\\/gymes.eu\\\/2023\\\/09\\\/01\\\/plenarne-zrps\\\/\",\"url\":\"https:\\\/\\\/gymes.eu\\\/2023\\\/09\\\/01\\\/plenarne-zrps\\\/\",\"name\":\"Plen\u00e1rne ZRP\u0160 - Gymn\u00e1zium sv. Edity Steinovej\",\"isPartOf\":{\"@id\":\"https:\\\/\\\/gymes.eu\\\/#website\"},\"datePublished\":\"2023-09-01T18:58:36+00:00\",\"breadcrumb\":{\"@id\":\"https:\\\/\\\/gymes.eu\\\/2023\\\/09\\\/01\\\/plenarne-zrps\\\/#breadcrumb\"},\"inLanguage\":\"en-GB\",\"potentialAction\":[{\"@type\":\"ReadAction\",\"target\":[\"https:\\\/\\\/gymes.eu\\\/2023\\\/09\\\/01\\\/plenarne-zrps\\\/\"]}]},{\"@type\":\"BreadcrumbList\",\"@id\":\"https:\\\/\\\/gymes.eu\\\/2023\\\/09\\\/01\\\/plenarne-zrps\\\/#breadcrumb\",\"itemListElement\":[{\"@type\":\"ListItem\",\"position\":1,\"name\":\"Home\",\"item\":\"https:\\\/\\\/gymes.eu\\\/\"},{\"@type\":\"ListItem\",\"position\":2,\"name\":\"Plen\u00e1rne ZRP\u0160\"}]},{\"@type\":\"WebSite\",\"@id\":\"https:\\\/\\\/gymes.eu\\\/#website\",\"url\":\"https:\\\/\\\/gymes.eu\\\/\",\"name\":\"Gymn\u00e1zium sv. Edity Steinovej\",\"description\":\"\",\"publisher\":{\"@id\":\"https:\\\/\\\/gymes.eu\\\/#organization\"},\"potentialAction\":[{\"@type\":\"SearchAction\",\"target\":{\"@type\":\"EntryPoint\",\"urlTemplate\":\"https:\\\/\\\/gymes.eu\\\/?s={search_term_string}\"},\"query-input\":{\"@type\":\"PropertyValueSpecification\",\"valueRequired\":true,\"valueName\":\"search_term_string\"}}],\"inLanguage\":\"en-GB\"},{\"@type\":\"Organization\",\"@id\":\"https:\\\/\\\/gymes.eu\\\/#organization\",\"name\":\"Gymn\u00e1zium sv. Edity Steinovej\",\"url\":\"https:\\\/\\\/gymes.eu\\\/\",\"logo\":{\"@type\":\"ImageObject\",\"inLanguage\":\"en-GB\",\"@id\":\"https:\\\/\\\/gymes.eu\\\/#\\\/schema\\\/logo\\\/image\\\/\",\"url\":\"https:\\\/\\\/gymes.eu\\\/wp-content\\\/uploads\\\/2024\\\/11\\\/gymesWEB.png\",\"contentUrl\":\"https:\\\/\\\/gymes.eu\\\/wp-content\\\/uploads\\\/2024\\\/11\\\/gymesWEB.png\",\"width\":300,\"height\":300,\"caption\":\"Gymn\u00e1zium sv. Edity Steinovej\"},\"image\":{\"@id\":\"https:\\\/\\\/gymes.eu\\\/#\\\/schema\\\/logo\\\/image\\\/\"},\"sameAs\":[\"https:\\\/\\\/www.facebook.com\\\/GYMES.official\"]},{\"@type\":\"Person\",\"@id\":\"https:\\\/\\\/gymes.eu\\\/#\\\/schema\\\/person\\\/f24d3742350d642be8c21fd9aeccd085\",\"name\":\"gymes\",\"image\":{\"@type\":\"ImageObject\",\"inLanguage\":\"en-GB\",\"@id\":\"https:\\\/\\\/secure.gravatar.com\\\/avatar\\\/5ffd6d49a25a23e54b954e2afda726cfbb59c3117d8f31d947b0a0cbb6f7cca7?s=96&d=mm&r=g\",\"url\":\"https:\\\/\\\/secure.gravatar.com\\\/avatar\\\/5ffd6d49a25a23e54b954e2afda726cfbb59c3117d8f31d947b0a0cbb6f7cca7?s=96&d=mm&r=g\",\"contentUrl\":\"https:\\\/\\\/secure.gravatar.com\\\/avatar\\\/5ffd6d49a25a23e54b954e2afda726cfbb59c3117d8f31d947b0a0cbb6f7cca7?s=96&d=mm&r=g\",\"caption\":\"gymes\"},\"url\":\"https:\\\/\\\/gymes.eu\\\/en\\\/author\\\/gymes\\\/\"}]}<\/script>\n<!-- \/ Yoast SEO plugin. -->","yoast_head_json":{"title":"Plen\u00e1rne ZRP\u0160 - Gymn\u00e1zium sv. Edity Steinovej","robots":{"index":"index","follow":"follow","max-snippet":"max-snippet:-1","max-image-preview":"max-image-preview:large","max-video-preview":"max-video-preview:-1"},"canonical":"https:\/\/gymes.eu\/en\/2023\/09\/01\/plenarne-zrps\/","og_locale":"en_GB","og_type":"article","og_title":"Plen\u00e1rne ZRP\u0160 - Gymn\u00e1zium sv. Edity Steinovej","og_description":"Riadite\u013e \u0161koly poz\u00fdva v\u0161etk\u00fdch rodi\u010dov na plen\u00e1rne ZRP\u0160, ktor\u00e9 sa uskuto\u010dn\u00ed v stredu 13. septembra 2023 o 16. hodine v jed\u00e1lni \u0161koly. Po skon\u010den\u00ed plen\u00e1rneho ZRP\u0160 bud\u00fa pokra\u010dova\u0165 stretnutia s triednymi u\u010dite\u013emi v kme\u0148ov\u00fdch u\u010debniach. Z\u00e1rove\u0148 V\u00e1s poz\u00fdvame na sv. om\u0161u o 15:25 hod. v kaplnke na\u0161ej \u0161koly.","og_url":"https:\/\/gymes.eu\/en\/2023\/09\/01\/plenarne-zrps\/","og_site_name":"Gymn\u00e1zium sv. Edity Steinovej","article_publisher":"https:\/\/www.facebook.com\/GYMES.official","article_published_time":"2023-09-01T18:58:36+00:00","author":"gymes","twitter_card":"summary_large_image","twitter_misc":{"Written by":"gymes","Estimated reading time":"1 minute"},"schema":{"@context":"https:\/\/schema.org","@graph":[{"@type":"Article","@id":"https:\/\/gymes.eu\/2023\/09\/01\/plenarne-zrps\/#article","isPartOf":{"@id":"https:\/\/gymes.eu\/2023\/09\/01\/plenarne-zrps\/"},"author":{"name":"gymes","@id":"https:\/\/gymes.eu\/#\/schema\/person\/f24d3742350d642be8c21fd9aeccd085"},"headline":"Plen\u00e1rne ZRP\u0160","datePublished":"2023-09-01T18:58:36+00:00","mainEntityOfPage":{"@id":"https:\/\/gymes.eu\/2023\/09\/01\/plenarne-zrps\/"},"wordCount":67,"publisher":{"@id":"https:\/\/gymes.eu\/#organization"},"articleSection":["Oznamy"],"inLanguage":"en-GB"},{"@type":"WebPage","@id":"https:\/\/gymes.eu\/2023\/09\/01\/plenarne-zrps\/","url":"https:\/\/gymes.eu\/2023\/09\/01\/plenarne-zrps\/","name":"Plen\u00e1rne ZRP\u0160 - Gymn\u00e1zium sv. Edity Steinovej","isPartOf":{"@id":"https:\/\/gymes.eu\/#website"},"datePublished":"2023-09-01T18:58:36+00:00","breadcrumb":{"@id":"https:\/\/gymes.eu\/2023\/09\/01\/plenarne-zrps\/#breadcrumb"},"inLanguage":"en-GB","potentialAction":[{"@type":"ReadAction","target":["https:\/\/gymes.eu\/2023\/09\/01\/plenarne-zrps\/"]}]},{"@type":"BreadcrumbList","@id":"https:\/\/gymes.eu\/2023\/09\/01\/plenarne-zrps\/#breadcrumb","itemListElement":[{"@type":"ListItem","position":1,"name":"Home","item":"https:\/\/gymes.eu\/"},{"@type":"ListItem","position":2,"name":"Plen\u00e1rne ZRP\u0160"}]},{"@type":"WebSite","@id":"https:\/\/gymes.eu\/#website","url":"https:\/\/gymes.eu\/","name":"Gymn\u00e1zium sv. Edity Steinovej","description":"","publisher":{"@id":"https:\/\/gymes.eu\/#organization"},"potentialAction":[{"@type":"SearchAction","target":{"@type":"EntryPoint","urlTemplate":"https:\/\/gymes.eu\/?s={search_term_string}"},"query-input":{"@type":"PropertyValueSpecification","valueRequired":true,"valueName":"search_term_string"}}],"inLanguage":"en-GB"},{"@type":"Organization","@id":"https:\/\/gymes.eu\/#organization","name":"Gymn\u00e1zium sv. Edity Steinovej","url":"https:\/\/gymes.eu\/","logo":{"@type":"ImageObject","inLanguage":"en-GB","@id":"https:\/\/gymes.eu\/#\/schema\/logo\/image\/","url":"https:\/\/gymes.eu\/wp-content\/uploads\/2024\/11\/gymesWEB.png","contentUrl":"https:\/\/gymes.eu\/wp-content\/uploads\/2024\/11\/gymesWEB.png","width":300,"height":300,"caption":"Gymn\u00e1zium sv. Edity Steinovej"},"image":{"@id":"https:\/\/gymes.eu\/#\/schema\/logo\/image\/"},"sameAs":["https:\/\/www.facebook.com\/GYMES.official"]},{"@type":"Person","@id":"https:\/\/gymes.eu\/#\/schema\/person\/f24d3742350d642be8c21fd9aeccd085","name":"gymes","image":{"@type":"ImageObject","inLanguage":"en-GB","@id":"https:\/\/secure.gravatar.com\/avatar\/5ffd6d49a25a23e54b954e2afda726cfbb59c3117d8f31d947b0a0cbb6f7cca7?s=96&d=mm&r=g","url":"https:\/\/secure.gravatar.com\/avatar\/5ffd6d49a25a23e54b954e2afda726cfbb59c3117d8f31d947b0a0cbb6f7cca7?s=96&d=mm&r=g","contentUrl":"https:\/\/secure.gravatar.com\/avatar\/5ffd6d49a25a23e54b954e2afda726cfbb59c3117d8f31d947b0a0cbb6f7cca7?s=96&d=mm&r=g","caption":"gymes"},"url":"https:\/\/gymes.eu\/en\/author\/gymes\/"}]}},"_links":{"self":[{"href":"https:\/\/gymes.eu\/en\/wp-json\/wp\/v2\/posts\/3083","targetHints":{"allow":["GET"]}}],"collection":[{"href":"https:\/\/gymes.eu\/en\/wp-json\/wp\/v2\/posts"}],"about":[{"href":"https:\/\/gymes.eu\/en\/wp-json\/wp\/v2\/types\/post"}],"author":[{"embeddable":true,"href":"https:\/\/gymes.eu\/en\/wp-json\/wp\/v2\/users\/2"}],"replies":[{"embeddable":true,"href":"https:\/\/gymes.eu\/en\/wp-json\/wp\/v2\/comments?post=3083"}],"version-history":[{"count":0,"href":"https:\/\/gymes.eu\/en\/wp-json\/wp\/v2\/posts\/3083\/revisions"}],"wp:attachment":[{"href":"https:\/\/gymes.eu\/en\/wp-json\/wp\/v2\/media?parent=3083"}],"wp:term":[{"taxonomy":"category","embeddable":true,"href":"https:\/\/gymes.eu\/en\/wp-json\/wp\/v2\/categories?post=3083"},{"taxonomy":"post_tag","embeddable":true,"href":"https:\/\/gymes.eu\/en\/wp-json\/wp\/v2\/tags?post=3083"}],"curies":[{"name":"wp","href":"https:\/\/api.w.org\/{rel}","templated":true}]}}