{"id":3081,"date":"2023-08-30T17:17:43","date_gmt":"2023-08-30T15:17:43","guid":{"rendered":"https:\/\/gymes.eu\/?p=3081"},"modified":"2023-08-30T17:17:43","modified_gmt":"2023-08-30T15:17:43","slug":"slavnostne-otvorenie-skolskeho-roka-2023-2024","status":"publish","type":"post","link":"https:\/\/gymes.eu\/en\/2023\/08\/30\/slavnostne-otvorenie-skolskeho-roka-2023-2024\/","title":{"rendered":"Sl\u00e1vnostn\u00e9 otvorenie \u0161kolsk\u00e9ho roka 2023\/2024"},"content":{"rendered":"<p class=\"wp-block-paragraph\">Riadite\u013e Gymn\u00e1zia sv. Edity Steinovej oznamuje v\u0161etk\u00fdm \u017eiakom a rodi\u010dom, \u017ee sl\u00e1vnostn\u00e9 otvorenie \u0161kolsk\u00e9ho roka 2023\/2024 sa uskuto\u010dn\u00ed v <strong><mark style=\"background-color:rgba(0, 0, 0, 0)\" class=\"has-inline-color has-neve-link-hover-color-color\">pondelok 4. septembra 2023.<\/mark><\/strong> Program:<\/p>\n\n\n\n<p class=\"wp-block-paragraph\"><strong><mark style=\"background-color:rgba(0, 0, 0, 0)\" class=\"has-inline-color has-nv-c-1-color\">Triedy 1. ro\u010dn\u00edka bilingv\u00e1lneho odboru a trieda pr\u00edma:<\/mark><\/strong><\/p>\n\n\n\n<p class=\"wp-block-paragraph\"><strong>8:00 hod.<\/strong>&#8211; stretnutie s triednymi u\u010dite\u013emi v kme\u0148ov\u00fdch u\u010debniach, \u00favodn\u00e9 inform\u00e1cie, presun do kostola<\/p>\n\n\n\n<p class=\"wp-block-paragraph\"><strong>9:00 hod.<\/strong> &#8211; sv. om\u0161a Veni Sancte v kostole Sv\u00e4tej Rodiny<\/p>\n\n\n\n<p class=\"wp-block-paragraph\">po sv. om\u0161i n\u00e1vrat do \u0161koly, obed v \u0161kolskej jed\u00e1lni pre prihl\u00e1sen\u00fdch \u017eiakov (cca od 10:30 hod.)<\/p>\n\n\n\n<p class=\"wp-block-paragraph\"><strong><mark style=\"background-color:rgba(0, 0, 0, 0)\" class=\"has-inline-color has-neve-link-hover-color-color\">Triedy 2.-5. ro\u010dn\u00edka bilingv\u00e1lneho odboru, triedy sekunda a tercia:<\/mark><\/strong><\/p>\n\n\n\n<p class=\"wp-block-paragraph\"><strong>8:40 hod.<\/strong> &#8211; zraz pred kostolom Sv\u00e4tej Rodiny<\/p>\n\n\n\n<p class=\"wp-block-paragraph\"><strong>9:00 hod.<\/strong> &#8211; sv. om\u0161a Veni Sancte v kostole Sv\u00e4tej Rodiny<\/p>\n\n\n\n<p class=\"wp-block-paragraph\">po sv. om\u0161i presun do \u0161koly, stretnutie s triednymi u\u010dite\u013emi v kme\u0148ov\u00fdch u\u010debniach, obed pre prihl\u00e1sen\u00fdch \u017eiakov<\/p>\n\n\n\n<p class=\"wp-block-paragraph\"><\/p>","protected":false},"excerpt":{"rendered":"<p>Riadite\u013e Gymn\u00e1zia sv. Edity Steinovej oznamuje v\u0161etk\u00fdm \u017eiakom a rodi\u010dom, \u017ee sl\u00e1vnostn\u00e9 otvorenie \u0161kolsk\u00e9ho roka 2023\/2024 sa uskuto\u010dn\u00ed v pondelok 4. septembra 2023. Program: Triedy 1. ro\u010dn\u00edka bilingv\u00e1lneho odboru a trieda pr\u00edma: 8:00 hod.&#8211; stretnutie s triednymi u\u010dite\u013emi v kme\u0148ov\u00fdch u\u010debniach, \u00favodn\u00e9 inform\u00e1cie, presun do kostola 9:00 hod. &#8211; sv. om\u0161a Veni Sancte v kostole [&hellip;]<\/p>\n","protected":false},"author":2,"featured_media":0,"comment_status":"closed","ping_status":"closed","sticky":false,"template":"","format":"standard","meta":{"_acf_changed":false,"rs_blank_template":"","rs_page_bg_color":"","slide_template_v7":"","_monsterinsights_skip_tracking":false,"footnotes":""},"categories":[16],"tags":[],"class_list":["post-3081","post","type-post","status-publish","format-standard","hentry","category-oznamy"],"acf":[],"featured_image_src":{"landsacpe":false,"list":false,"medium":false,"full":false},"yoast_head":"<!-- This site is optimized with the Yoast SEO plugin v28.3 - https:\/\/yoast.com\/product\/yoast-seo-wordpress\/ -->\n<title>Sl\u00e1vnostn\u00e9 otvorenie \u0161kolsk\u00e9ho roka 2023\/2024 - Gymn\u00e1zium sv. Edity Steinovej<\/title>\n<meta name=\"robots\" content=\"index, follow, max-snippet:-1, max-image-preview:large, max-video-preview:-1\" \/>\n<link rel=\"canonical\" href=\"https:\/\/gymes.eu\/en\/2023\/08\/30\/slavnostne-otvorenie-skolskeho-roka-2023-2024\/\" \/>\n<meta property=\"og:locale\" content=\"en_GB\" \/>\n<meta property=\"og:type\" content=\"article\" \/>\n<meta property=\"og:title\" content=\"Sl\u00e1vnostn\u00e9 otvorenie \u0161kolsk\u00e9ho roka 2023\/2024 - Gymn\u00e1zium sv. Edity Steinovej\" \/>\n<meta property=\"og:description\" content=\"Riadite\u013e Gymn\u00e1zia sv. Edity Steinovej oznamuje v\u0161etk\u00fdm \u017eiakom a rodi\u010dom, \u017ee sl\u00e1vnostn\u00e9 otvorenie \u0161kolsk\u00e9ho roka 2023\/2024 sa uskuto\u010dn\u00ed v pondelok 4. septembra 2023. Program: Triedy 1. ro\u010dn\u00edka bilingv\u00e1lneho odboru a trieda pr\u00edma: 8:00 hod.&#8211; stretnutie s triednymi u\u010dite\u013emi v kme\u0148ov\u00fdch u\u010debniach, \u00favodn\u00e9 inform\u00e1cie, presun do kostola 9:00 hod. &#8211; sv. om\u0161a Veni Sancte v kostole [&hellip;]\" \/>\n<meta property=\"og:url\" content=\"https:\/\/gymes.eu\/en\/2023\/08\/30\/slavnostne-otvorenie-skolskeho-roka-2023-2024\/\" \/>\n<meta property=\"og:site_name\" content=\"Gymn\u00e1zium sv. Edity Steinovej\" \/>\n<meta property=\"article:publisher\" content=\"https:\/\/www.facebook.com\/GYMES.official\" \/>\n<meta property=\"article:published_time\" content=\"2023-08-30T15:17:43+00:00\" \/>\n<meta name=\"author\" content=\"gymes\" \/>\n<meta name=\"twitter:card\" content=\"summary_large_image\" \/>\n<meta name=\"twitter:label1\" content=\"Written by\" \/>\n\t<meta name=\"twitter:data1\" content=\"gymes\" \/>\n\t<meta name=\"twitter:label2\" content=\"Estimated reading time\" \/>\n\t<meta name=\"twitter:data2\" content=\"1 minute\" \/>\n<script type=\"application\/ld+json\" class=\"yoast-schema-graph\">{\"@context\":\"https:\\\/\\\/schema.org\",\"@graph\":[{\"@type\":\"Article\",\"@id\":\"https:\\\/\\\/gymes.eu\\\/2023\\\/08\\\/30\\\/slavnostne-otvorenie-skolskeho-roka-2023-2024\\\/#article\",\"isPartOf\":{\"@id\":\"https:\\\/\\\/gymes.eu\\\/2023\\\/08\\\/30\\\/slavnostne-otvorenie-skolskeho-roka-2023-2024\\\/\"},\"author\":{\"name\":\"gymes\",\"@id\":\"https:\\\/\\\/gymes.eu\\\/#\\\/schema\\\/person\\\/f24d3742350d642be8c21fd9aeccd085\"},\"headline\":\"Sl\u00e1vnostn\u00e9 otvorenie \u0161kolsk\u00e9ho roka 2023\\\/2024\",\"datePublished\":\"2023-08-30T15:17:43+00:00\",\"mainEntityOfPage\":{\"@id\":\"https:\\\/\\\/gymes.eu\\\/2023\\\/08\\\/30\\\/slavnostne-otvorenie-skolskeho-roka-2023-2024\\\/\"},\"wordCount\":155,\"publisher\":{\"@id\":\"https:\\\/\\\/gymes.eu\\\/#organization\"},\"articleSection\":[\"Oznamy\"],\"inLanguage\":\"en-GB\"},{\"@type\":\"WebPage\",\"@id\":\"https:\\\/\\\/gymes.eu\\\/2023\\\/08\\\/30\\\/slavnostne-otvorenie-skolskeho-roka-2023-2024\\\/\",\"url\":\"https:\\\/\\\/gymes.eu\\\/2023\\\/08\\\/30\\\/slavnostne-otvorenie-skolskeho-roka-2023-2024\\\/\",\"name\":\"Sl\u00e1vnostn\u00e9 otvorenie \u0161kolsk\u00e9ho roka 2023\\\/2024 - Gymn\u00e1zium sv. Edity Steinovej\",\"isPartOf\":{\"@id\":\"https:\\\/\\\/gymes.eu\\\/#website\"},\"datePublished\":\"2023-08-30T15:17:43+00:00\",\"breadcrumb\":{\"@id\":\"https:\\\/\\\/gymes.eu\\\/2023\\\/08\\\/30\\\/slavnostne-otvorenie-skolskeho-roka-2023-2024\\\/#breadcrumb\"},\"inLanguage\":\"en-GB\",\"potentialAction\":[{\"@type\":\"ReadAction\",\"target\":[\"https:\\\/\\\/gymes.eu\\\/2023\\\/08\\\/30\\\/slavnostne-otvorenie-skolskeho-roka-2023-2024\\\/\"]}]},{\"@type\":\"BreadcrumbList\",\"@id\":\"https:\\\/\\\/gymes.eu\\\/2023\\\/08\\\/30\\\/slavnostne-otvorenie-skolskeho-roka-2023-2024\\\/#breadcrumb\",\"itemListElement\":[{\"@type\":\"ListItem\",\"position\":1,\"name\":\"Home\",\"item\":\"https:\\\/\\\/gymes.eu\\\/\"},{\"@type\":\"ListItem\",\"position\":2,\"name\":\"Sl\u00e1vnostn\u00e9 otvorenie \u0161kolsk\u00e9ho roka 2023\\\/2024\"}]},{\"@type\":\"WebSite\",\"@id\":\"https:\\\/\\\/gymes.eu\\\/#website\",\"url\":\"https:\\\/\\\/gymes.eu\\\/\",\"name\":\"Gymn\u00e1zium sv. Edity Steinovej\",\"description\":\"\",\"publisher\":{\"@id\":\"https:\\\/\\\/gymes.eu\\\/#organization\"},\"potentialAction\":[{\"@type\":\"SearchAction\",\"target\":{\"@type\":\"EntryPoint\",\"urlTemplate\":\"https:\\\/\\\/gymes.eu\\\/?s={search_term_string}\"},\"query-input\":{\"@type\":\"PropertyValueSpecification\",\"valueRequired\":true,\"valueName\":\"search_term_string\"}}],\"inLanguage\":\"en-GB\"},{\"@type\":\"Organization\",\"@id\":\"https:\\\/\\\/gymes.eu\\\/#organization\",\"name\":\"Gymn\u00e1zium sv. Edity Steinovej\",\"url\":\"https:\\\/\\\/gymes.eu\\\/\",\"logo\":{\"@type\":\"ImageObject\",\"inLanguage\":\"en-GB\",\"@id\":\"https:\\\/\\\/gymes.eu\\\/#\\\/schema\\\/logo\\\/image\\\/\",\"url\":\"https:\\\/\\\/gymes.eu\\\/wp-content\\\/uploads\\\/2024\\\/11\\\/gymesWEB.png\",\"contentUrl\":\"https:\\\/\\\/gymes.eu\\\/wp-content\\\/uploads\\\/2024\\\/11\\\/gymesWEB.png\",\"width\":300,\"height\":300,\"caption\":\"Gymn\u00e1zium sv. Edity Steinovej\"},\"image\":{\"@id\":\"https:\\\/\\\/gymes.eu\\\/#\\\/schema\\\/logo\\\/image\\\/\"},\"sameAs\":[\"https:\\\/\\\/www.facebook.com\\\/GYMES.official\"]},{\"@type\":\"Person\",\"@id\":\"https:\\\/\\\/gymes.eu\\\/#\\\/schema\\\/person\\\/f24d3742350d642be8c21fd9aeccd085\",\"name\":\"gymes\",\"image\":{\"@type\":\"ImageObject\",\"inLanguage\":\"en-GB\",\"@id\":\"https:\\\/\\\/secure.gravatar.com\\\/avatar\\\/5ffd6d49a25a23e54b954e2afda726cfbb59c3117d8f31d947b0a0cbb6f7cca7?s=96&d=mm&r=g\",\"url\":\"https:\\\/\\\/secure.gravatar.com\\\/avatar\\\/5ffd6d49a25a23e54b954e2afda726cfbb59c3117d8f31d947b0a0cbb6f7cca7?s=96&d=mm&r=g\",\"contentUrl\":\"https:\\\/\\\/secure.gravatar.com\\\/avatar\\\/5ffd6d49a25a23e54b954e2afda726cfbb59c3117d8f31d947b0a0cbb6f7cca7?s=96&d=mm&r=g\",\"caption\":\"gymes\"},\"url\":\"https:\\\/\\\/gymes.eu\\\/en\\\/author\\\/gymes\\\/\"}]}<\/script>\n<!-- \/ Yoast SEO plugin. -->","yoast_head_json":{"title":"Sl\u00e1vnostn\u00e9 otvorenie \u0161kolsk\u00e9ho roka 2023\/2024 - Gymn\u00e1zium sv. Edity Steinovej","robots":{"index":"index","follow":"follow","max-snippet":"max-snippet:-1","max-image-preview":"max-image-preview:large","max-video-preview":"max-video-preview:-1"},"canonical":"https:\/\/gymes.eu\/en\/2023\/08\/30\/slavnostne-otvorenie-skolskeho-roka-2023-2024\/","og_locale":"en_GB","og_type":"article","og_title":"Sl\u00e1vnostn\u00e9 otvorenie \u0161kolsk\u00e9ho roka 2023\/2024 - Gymn\u00e1zium sv. Edity Steinovej","og_description":"Riadite\u013e Gymn\u00e1zia sv. Edity Steinovej oznamuje v\u0161etk\u00fdm \u017eiakom a rodi\u010dom, \u017ee sl\u00e1vnostn\u00e9 otvorenie \u0161kolsk\u00e9ho roka 2023\/2024 sa uskuto\u010dn\u00ed v pondelok 4. septembra 2023. Program: Triedy 1. ro\u010dn\u00edka bilingv\u00e1lneho odboru a trieda pr\u00edma: 8:00 hod.&#8211; stretnutie s triednymi u\u010dite\u013emi v kme\u0148ov\u00fdch u\u010debniach, \u00favodn\u00e9 inform\u00e1cie, presun do kostola 9:00 hod. &#8211; sv. om\u0161a Veni Sancte v kostole [&hellip;]","og_url":"https:\/\/gymes.eu\/en\/2023\/08\/30\/slavnostne-otvorenie-skolskeho-roka-2023-2024\/","og_site_name":"Gymn\u00e1zium sv. Edity Steinovej","article_publisher":"https:\/\/www.facebook.com\/GYMES.official","article_published_time":"2023-08-30T15:17:43+00:00","author":"gymes","twitter_card":"summary_large_image","twitter_misc":{"Written by":"gymes","Estimated reading time":"1 minute"},"schema":{"@context":"https:\/\/schema.org","@graph":[{"@type":"Article","@id":"https:\/\/gymes.eu\/2023\/08\/30\/slavnostne-otvorenie-skolskeho-roka-2023-2024\/#article","isPartOf":{"@id":"https:\/\/gymes.eu\/2023\/08\/30\/slavnostne-otvorenie-skolskeho-roka-2023-2024\/"},"author":{"name":"gymes","@id":"https:\/\/gymes.eu\/#\/schema\/person\/f24d3742350d642be8c21fd9aeccd085"},"headline":"Sl\u00e1vnostn\u00e9 otvorenie \u0161kolsk\u00e9ho roka 2023\/2024","datePublished":"2023-08-30T15:17:43+00:00","mainEntityOfPage":{"@id":"https:\/\/gymes.eu\/2023\/08\/30\/slavnostne-otvorenie-skolskeho-roka-2023-2024\/"},"wordCount":155,"publisher":{"@id":"https:\/\/gymes.eu\/#organization"},"articleSection":["Oznamy"],"inLanguage":"en-GB"},{"@type":"WebPage","@id":"https:\/\/gymes.eu\/2023\/08\/30\/slavnostne-otvorenie-skolskeho-roka-2023-2024\/","url":"https:\/\/gymes.eu\/2023\/08\/30\/slavnostne-otvorenie-skolskeho-roka-2023-2024\/","name":"Sl\u00e1vnostn\u00e9 otvorenie \u0161kolsk\u00e9ho roka 2023\/2024 - Gymn\u00e1zium sv. Edity Steinovej","isPartOf":{"@id":"https:\/\/gymes.eu\/#website"},"datePublished":"2023-08-30T15:17:43+00:00","breadcrumb":{"@id":"https:\/\/gymes.eu\/2023\/08\/30\/slavnostne-otvorenie-skolskeho-roka-2023-2024\/#breadcrumb"},"inLanguage":"en-GB","potentialAction":[{"@type":"ReadAction","target":["https:\/\/gymes.eu\/2023\/08\/30\/slavnostne-otvorenie-skolskeho-roka-2023-2024\/"]}]},{"@type":"BreadcrumbList","@id":"https:\/\/gymes.eu\/2023\/08\/30\/slavnostne-otvorenie-skolskeho-roka-2023-2024\/#breadcrumb","itemListElement":[{"@type":"ListItem","position":1,"name":"Home","item":"https:\/\/gymes.eu\/"},{"@type":"ListItem","position":2,"name":"Sl\u00e1vnostn\u00e9 otvorenie \u0161kolsk\u00e9ho roka 2023\/2024"}]},{"@type":"WebSite","@id":"https:\/\/gymes.eu\/#website","url":"https:\/\/gymes.eu\/","name":"Gymn\u00e1zium sv. Edity Steinovej","description":"","publisher":{"@id":"https:\/\/gymes.eu\/#organization"},"potentialAction":[{"@type":"SearchAction","target":{"@type":"EntryPoint","urlTemplate":"https:\/\/gymes.eu\/?s={search_term_string}"},"query-input":{"@type":"PropertyValueSpecification","valueRequired":true,"valueName":"search_term_string"}}],"inLanguage":"en-GB"},{"@type":"Organization","@id":"https:\/\/gymes.eu\/#organization","name":"Gymn\u00e1zium sv. Edity Steinovej","url":"https:\/\/gymes.eu\/","logo":{"@type":"ImageObject","inLanguage":"en-GB","@id":"https:\/\/gymes.eu\/#\/schema\/logo\/image\/","url":"https:\/\/gymes.eu\/wp-content\/uploads\/2024\/11\/gymesWEB.png","contentUrl":"https:\/\/gymes.eu\/wp-content\/uploads\/2024\/11\/gymesWEB.png","width":300,"height":300,"caption":"Gymn\u00e1zium sv. Edity Steinovej"},"image":{"@id":"https:\/\/gymes.eu\/#\/schema\/logo\/image\/"},"sameAs":["https:\/\/www.facebook.com\/GYMES.official"]},{"@type":"Person","@id":"https:\/\/gymes.eu\/#\/schema\/person\/f24d3742350d642be8c21fd9aeccd085","name":"gymes","image":{"@type":"ImageObject","inLanguage":"en-GB","@id":"https:\/\/secure.gravatar.com\/avatar\/5ffd6d49a25a23e54b954e2afda726cfbb59c3117d8f31d947b0a0cbb6f7cca7?s=96&d=mm&r=g","url":"https:\/\/secure.gravatar.com\/avatar\/5ffd6d49a25a23e54b954e2afda726cfbb59c3117d8f31d947b0a0cbb6f7cca7?s=96&d=mm&r=g","contentUrl":"https:\/\/secure.gravatar.com\/avatar\/5ffd6d49a25a23e54b954e2afda726cfbb59c3117d8f31d947b0a0cbb6f7cca7?s=96&d=mm&r=g","caption":"gymes"},"url":"https:\/\/gymes.eu\/en\/author\/gymes\/"}]}},"_links":{"self":[{"href":"https:\/\/gymes.eu\/en\/wp-json\/wp\/v2\/posts\/3081","targetHints":{"allow":["GET"]}}],"collection":[{"href":"https:\/\/gymes.eu\/en\/wp-json\/wp\/v2\/posts"}],"about":[{"href":"https:\/\/gymes.eu\/en\/wp-json\/wp\/v2\/types\/post"}],"author":[{"embeddable":true,"href":"https:\/\/gymes.eu\/en\/wp-json\/wp\/v2\/users\/2"}],"replies":[{"embeddable":true,"href":"https:\/\/gymes.eu\/en\/wp-json\/wp\/v2\/comments?post=3081"}],"version-history":[{"count":0,"href":"https:\/\/gymes.eu\/en\/wp-json\/wp\/v2\/posts\/3081\/revisions"}],"wp:attachment":[{"href":"https:\/\/gymes.eu\/en\/wp-json\/wp\/v2\/media?parent=3081"}],"wp:term":[{"taxonomy":"category","embeddable":true,"href":"https:\/\/gymes.eu\/en\/wp-json\/wp\/v2\/categories?post=3081"},{"taxonomy":"post_tag","embeddable":true,"href":"https:\/\/gymes.eu\/en\/wp-json\/wp\/v2\/tags?post=3081"}],"curies":[{"name":"wp","href":"https:\/\/api.w.org\/{rel}","templated":true}]}}