{"id":3017,"date":"2023-02-22T08:01:07","date_gmt":"2023-02-22T07:01:07","guid":{"rendered":"https:\/\/gymes.eu\/?p=3017"},"modified":"2023-02-22T08:01:07","modified_gmt":"2023-02-22T07:01:07","slug":"uspech-nasich-ziakov","status":"publish","type":"post","link":"https:\/\/gymes.eu\/en\/2023\/02\/22\/uspech-nasich-ziakov\/","title":{"rendered":"\u00daspech na\u0161ich \u017eiakov"},"content":{"rendered":"<p class=\"wp-block-paragraph\"><strong>M\u00e1me v\u00ed\u0165azov!<\/strong><\/p>\n\n\n\n<p class=\"wp-block-paragraph\">Srde\u010dne blaho\u017eel\u00e1me na\u0161im \u0161tudentom k \u00faspechom v&nbsp; <strong>Krajskom kole Olympi\u00e1dy v \u0161panielskom jazyku<\/strong>, ktor\u00e9 sa konalo 13.2.2023.<br><\/p>\n\n\n\n<p class=\"wp-block-paragraph\">V kateg\u00f3rii B z\u00edskali dve umiestnenia:<br><strong><span class=\"has-inline-color has-neve-link-color-color\">1.miesto\u00a0 Jakub Bober, 3.A;<br>3.miesto\u00a0 \u013dudov\u00edt J\u00e1n \u010calfa, 3.A<\/span><\/strong><\/p>\n\n\n\n<p class=\"wp-block-paragraph\">V kateg\u00f3rii C:<br><strong><span class=\"has-inline-color has-neve-link-color-color\">1. miesto\u00a0Anka Jackov\u00e1, 5.B<\/span><\/strong><\/p>\n\n\n\n<p class=\"wp-block-paragraph\">V kateg\u00f3rii&nbsp;D:<br><strong><span class=\"has-inline-color has-neve-link-color-color\">2. miesto&nbsp;Ema Sokolov\u00e1, 5.B<\/span><\/strong><\/p>\n\n\n\n<p class=\"wp-block-paragraph\">Jakub a Anka bud\u00fa reprezentova\u0165 GYMES na celo\u0161t\u00e1tnom kole v Bratislave.<\/p>","protected":false},"excerpt":{"rendered":"<p>M\u00e1me v\u00ed\u0165azov! Srde\u010dne blaho\u017eel\u00e1me na\u0161im \u0161tudentom k \u00faspechom v&nbsp; Krajskom kole Olympi\u00e1dy v \u0161panielskom jazyku, ktor\u00e9 sa konalo 13.2.2023. V kateg\u00f3rii B z\u00edskali dve umiestnenia:1.miesto\u00a0 Jakub Bober, 3.A;3.miesto\u00a0 \u013dudov\u00edt J\u00e1n \u010calfa, 3.A V kateg\u00f3rii C:1. miesto\u00a0Anka Jackov\u00e1, 5.B V kateg\u00f3rii&nbsp;D:2. miesto&nbsp;Ema Sokolov\u00e1, 5.B Jakub a Anka bud\u00fa reprezentova\u0165 GYMES na celo\u0161t\u00e1tnom kole v Bratislave.<\/p>","protected":false},"author":2,"featured_media":0,"comment_status":"closed","ping_status":"closed","sticky":false,"template":"","format":"standard","meta":{"_acf_changed":false,"rs_blank_template":"","rs_page_bg_color":"","slide_template_v7":"","_monsterinsights_skip_tracking":false,"footnotes":""},"categories":[16],"tags":[],"class_list":["post-3017","post","type-post","status-publish","format-standard","hentry","category-oznamy"],"acf":[],"featured_image_src":{"landsacpe":false,"list":false,"medium":false,"full":false},"yoast_head":"<!-- This site is optimized with the Yoast SEO plugin v28.3 - https:\/\/yoast.com\/product\/yoast-seo-wordpress\/ -->\n<title>\u00daspech na\u0161ich \u017eiakov - Gymn\u00e1zium sv. Edity Steinovej<\/title>\n<meta name=\"robots\" content=\"index, follow, max-snippet:-1, max-image-preview:large, max-video-preview:-1\" \/>\n<link rel=\"canonical\" href=\"https:\/\/gymes.eu\/en\/2023\/02\/22\/uspech-nasich-ziakov\/\" \/>\n<meta property=\"og:locale\" content=\"en_GB\" \/>\n<meta property=\"og:type\" content=\"article\" \/>\n<meta property=\"og:title\" content=\"\u00daspech na\u0161ich \u017eiakov - Gymn\u00e1zium sv. Edity Steinovej\" \/>\n<meta property=\"og:description\" content=\"M\u00e1me v\u00ed\u0165azov! Srde\u010dne blaho\u017eel\u00e1me na\u0161im \u0161tudentom k \u00faspechom v&nbsp; Krajskom kole Olympi\u00e1dy v \u0161panielskom jazyku, ktor\u00e9 sa konalo 13.2.2023. V kateg\u00f3rii B z\u00edskali dve umiestnenia:1.miesto\u00a0 Jakub Bober, 3.A;3.miesto\u00a0 \u013dudov\u00edt J\u00e1n \u010calfa, 3.A V kateg\u00f3rii C:1. miesto\u00a0Anka Jackov\u00e1, 5.B V kateg\u00f3rii&nbsp;D:2. miesto&nbsp;Ema Sokolov\u00e1, 5.B Jakub a Anka bud\u00fa reprezentova\u0165 GYMES na celo\u0161t\u00e1tnom kole v Bratislave.\" \/>\n<meta property=\"og:url\" content=\"https:\/\/gymes.eu\/en\/2023\/02\/22\/uspech-nasich-ziakov\/\" \/>\n<meta property=\"og:site_name\" content=\"Gymn\u00e1zium sv. Edity Steinovej\" \/>\n<meta property=\"article:publisher\" content=\"https:\/\/www.facebook.com\/GYMES.official\" \/>\n<meta property=\"article:published_time\" content=\"2023-02-22T07:01:07+00:00\" \/>\n<meta name=\"author\" content=\"gymes\" \/>\n<meta name=\"twitter:card\" content=\"summary_large_image\" \/>\n<meta name=\"twitter:label1\" content=\"Written by\" \/>\n\t<meta name=\"twitter:data1\" content=\"gymes\" \/>\n\t<meta name=\"twitter:label2\" content=\"Estimated reading time\" \/>\n\t<meta name=\"twitter:data2\" content=\"1 minute\" \/>\n<script type=\"application\/ld+json\" class=\"yoast-schema-graph\">{\"@context\":\"https:\\\/\\\/schema.org\",\"@graph\":[{\"@type\":\"Article\",\"@id\":\"https:\\\/\\\/gymes.eu\\\/2023\\\/02\\\/22\\\/uspech-nasich-ziakov\\\/#article\",\"isPartOf\":{\"@id\":\"https:\\\/\\\/gymes.eu\\\/2023\\\/02\\\/22\\\/uspech-nasich-ziakov\\\/\"},\"author\":{\"name\":\"gymes\",\"@id\":\"https:\\\/\\\/gymes.eu\\\/#\\\/schema\\\/person\\\/f24d3742350d642be8c21fd9aeccd085\"},\"headline\":\"\u00daspech na\u0161ich \u017eiakov\",\"datePublished\":\"2023-02-22T07:01:07+00:00\",\"mainEntityOfPage\":{\"@id\":\"https:\\\/\\\/gymes.eu\\\/2023\\\/02\\\/22\\\/uspech-nasich-ziakov\\\/\"},\"wordCount\":80,\"publisher\":{\"@id\":\"https:\\\/\\\/gymes.eu\\\/#organization\"},\"articleSection\":[\"Oznamy\"],\"inLanguage\":\"en-GB\"},{\"@type\":\"WebPage\",\"@id\":\"https:\\\/\\\/gymes.eu\\\/2023\\\/02\\\/22\\\/uspech-nasich-ziakov\\\/\",\"url\":\"https:\\\/\\\/gymes.eu\\\/2023\\\/02\\\/22\\\/uspech-nasich-ziakov\\\/\",\"name\":\"\u00daspech na\u0161ich \u017eiakov - Gymn\u00e1zium sv. Edity Steinovej\",\"isPartOf\":{\"@id\":\"https:\\\/\\\/gymes.eu\\\/#website\"},\"datePublished\":\"2023-02-22T07:01:07+00:00\",\"breadcrumb\":{\"@id\":\"https:\\\/\\\/gymes.eu\\\/2023\\\/02\\\/22\\\/uspech-nasich-ziakov\\\/#breadcrumb\"},\"inLanguage\":\"en-GB\",\"potentialAction\":[{\"@type\":\"ReadAction\",\"target\":[\"https:\\\/\\\/gymes.eu\\\/2023\\\/02\\\/22\\\/uspech-nasich-ziakov\\\/\"]}]},{\"@type\":\"BreadcrumbList\",\"@id\":\"https:\\\/\\\/gymes.eu\\\/2023\\\/02\\\/22\\\/uspech-nasich-ziakov\\\/#breadcrumb\",\"itemListElement\":[{\"@type\":\"ListItem\",\"position\":1,\"name\":\"Home\",\"item\":\"https:\\\/\\\/gymes.eu\\\/\"},{\"@type\":\"ListItem\",\"position\":2,\"name\":\"\u00daspech na\u0161ich \u017eiakov\"}]},{\"@type\":\"WebSite\",\"@id\":\"https:\\\/\\\/gymes.eu\\\/#website\",\"url\":\"https:\\\/\\\/gymes.eu\\\/\",\"name\":\"Gymn\u00e1zium sv. Edity Steinovej\",\"description\":\"\",\"publisher\":{\"@id\":\"https:\\\/\\\/gymes.eu\\\/#organization\"},\"potentialAction\":[{\"@type\":\"SearchAction\",\"target\":{\"@type\":\"EntryPoint\",\"urlTemplate\":\"https:\\\/\\\/gymes.eu\\\/?s={search_term_string}\"},\"query-input\":{\"@type\":\"PropertyValueSpecification\",\"valueRequired\":true,\"valueName\":\"search_term_string\"}}],\"inLanguage\":\"en-GB\"},{\"@type\":\"Organization\",\"@id\":\"https:\\\/\\\/gymes.eu\\\/#organization\",\"name\":\"Gymn\u00e1zium sv. Edity Steinovej\",\"url\":\"https:\\\/\\\/gymes.eu\\\/\",\"logo\":{\"@type\":\"ImageObject\",\"inLanguage\":\"en-GB\",\"@id\":\"https:\\\/\\\/gymes.eu\\\/#\\\/schema\\\/logo\\\/image\\\/\",\"url\":\"https:\\\/\\\/gymes.eu\\\/wp-content\\\/uploads\\\/2024\\\/11\\\/gymesWEB.png\",\"contentUrl\":\"https:\\\/\\\/gymes.eu\\\/wp-content\\\/uploads\\\/2024\\\/11\\\/gymesWEB.png\",\"width\":300,\"height\":300,\"caption\":\"Gymn\u00e1zium sv. Edity Steinovej\"},\"image\":{\"@id\":\"https:\\\/\\\/gymes.eu\\\/#\\\/schema\\\/logo\\\/image\\\/\"},\"sameAs\":[\"https:\\\/\\\/www.facebook.com\\\/GYMES.official\"]},{\"@type\":\"Person\",\"@id\":\"https:\\\/\\\/gymes.eu\\\/#\\\/schema\\\/person\\\/f24d3742350d642be8c21fd9aeccd085\",\"name\":\"gymes\",\"image\":{\"@type\":\"ImageObject\",\"inLanguage\":\"en-GB\",\"@id\":\"https:\\\/\\\/secure.gravatar.com\\\/avatar\\\/5ffd6d49a25a23e54b954e2afda726cfbb59c3117d8f31d947b0a0cbb6f7cca7?s=96&d=mm&r=g\",\"url\":\"https:\\\/\\\/secure.gravatar.com\\\/avatar\\\/5ffd6d49a25a23e54b954e2afda726cfbb59c3117d8f31d947b0a0cbb6f7cca7?s=96&d=mm&r=g\",\"contentUrl\":\"https:\\\/\\\/secure.gravatar.com\\\/avatar\\\/5ffd6d49a25a23e54b954e2afda726cfbb59c3117d8f31d947b0a0cbb6f7cca7?s=96&d=mm&r=g\",\"caption\":\"gymes\"},\"url\":\"https:\\\/\\\/gymes.eu\\\/en\\\/author\\\/gymes\\\/\"}]}<\/script>\n<!-- \/ Yoast SEO plugin. -->","yoast_head_json":{"title":"\u00daspech na\u0161ich \u017eiakov - Gymn\u00e1zium sv. Edity Steinovej","robots":{"index":"index","follow":"follow","max-snippet":"max-snippet:-1","max-image-preview":"max-image-preview:large","max-video-preview":"max-video-preview:-1"},"canonical":"https:\/\/gymes.eu\/en\/2023\/02\/22\/uspech-nasich-ziakov\/","og_locale":"en_GB","og_type":"article","og_title":"\u00daspech na\u0161ich \u017eiakov - Gymn\u00e1zium sv. Edity Steinovej","og_description":"M\u00e1me v\u00ed\u0165azov! Srde\u010dne blaho\u017eel\u00e1me na\u0161im \u0161tudentom k \u00faspechom v&nbsp; Krajskom kole Olympi\u00e1dy v \u0161panielskom jazyku, ktor\u00e9 sa konalo 13.2.2023. V kateg\u00f3rii B z\u00edskali dve umiestnenia:1.miesto\u00a0 Jakub Bober, 3.A;3.miesto\u00a0 \u013dudov\u00edt J\u00e1n \u010calfa, 3.A V kateg\u00f3rii C:1. miesto\u00a0Anka Jackov\u00e1, 5.B V kateg\u00f3rii&nbsp;D:2. miesto&nbsp;Ema Sokolov\u00e1, 5.B Jakub a Anka bud\u00fa reprezentova\u0165 GYMES na celo\u0161t\u00e1tnom kole v Bratislave.","og_url":"https:\/\/gymes.eu\/en\/2023\/02\/22\/uspech-nasich-ziakov\/","og_site_name":"Gymn\u00e1zium sv. Edity Steinovej","article_publisher":"https:\/\/www.facebook.com\/GYMES.official","article_published_time":"2023-02-22T07:01:07+00:00","author":"gymes","twitter_card":"summary_large_image","twitter_misc":{"Written by":"gymes","Estimated reading time":"1 minute"},"schema":{"@context":"https:\/\/schema.org","@graph":[{"@type":"Article","@id":"https:\/\/gymes.eu\/2023\/02\/22\/uspech-nasich-ziakov\/#article","isPartOf":{"@id":"https:\/\/gymes.eu\/2023\/02\/22\/uspech-nasich-ziakov\/"},"author":{"name":"gymes","@id":"https:\/\/gymes.eu\/#\/schema\/person\/f24d3742350d642be8c21fd9aeccd085"},"headline":"\u00daspech na\u0161ich \u017eiakov","datePublished":"2023-02-22T07:01:07+00:00","mainEntityOfPage":{"@id":"https:\/\/gymes.eu\/2023\/02\/22\/uspech-nasich-ziakov\/"},"wordCount":80,"publisher":{"@id":"https:\/\/gymes.eu\/#organization"},"articleSection":["Oznamy"],"inLanguage":"en-GB"},{"@type":"WebPage","@id":"https:\/\/gymes.eu\/2023\/02\/22\/uspech-nasich-ziakov\/","url":"https:\/\/gymes.eu\/2023\/02\/22\/uspech-nasich-ziakov\/","name":"\u00daspech na\u0161ich \u017eiakov - Gymn\u00e1zium sv. Edity Steinovej","isPartOf":{"@id":"https:\/\/gymes.eu\/#website"},"datePublished":"2023-02-22T07:01:07+00:00","breadcrumb":{"@id":"https:\/\/gymes.eu\/2023\/02\/22\/uspech-nasich-ziakov\/#breadcrumb"},"inLanguage":"en-GB","potentialAction":[{"@type":"ReadAction","target":["https:\/\/gymes.eu\/2023\/02\/22\/uspech-nasich-ziakov\/"]}]},{"@type":"BreadcrumbList","@id":"https:\/\/gymes.eu\/2023\/02\/22\/uspech-nasich-ziakov\/#breadcrumb","itemListElement":[{"@type":"ListItem","position":1,"name":"Home","item":"https:\/\/gymes.eu\/"},{"@type":"ListItem","position":2,"name":"\u00daspech na\u0161ich \u017eiakov"}]},{"@type":"WebSite","@id":"https:\/\/gymes.eu\/#website","url":"https:\/\/gymes.eu\/","name":"Gymn\u00e1zium sv. Edity Steinovej","description":"","publisher":{"@id":"https:\/\/gymes.eu\/#organization"},"potentialAction":[{"@type":"SearchAction","target":{"@type":"EntryPoint","urlTemplate":"https:\/\/gymes.eu\/?s={search_term_string}"},"query-input":{"@type":"PropertyValueSpecification","valueRequired":true,"valueName":"search_term_string"}}],"inLanguage":"en-GB"},{"@type":"Organization","@id":"https:\/\/gymes.eu\/#organization","name":"Gymn\u00e1zium sv. Edity Steinovej","url":"https:\/\/gymes.eu\/","logo":{"@type":"ImageObject","inLanguage":"en-GB","@id":"https:\/\/gymes.eu\/#\/schema\/logo\/image\/","url":"https:\/\/gymes.eu\/wp-content\/uploads\/2024\/11\/gymesWEB.png","contentUrl":"https:\/\/gymes.eu\/wp-content\/uploads\/2024\/11\/gymesWEB.png","width":300,"height":300,"caption":"Gymn\u00e1zium sv. Edity Steinovej"},"image":{"@id":"https:\/\/gymes.eu\/#\/schema\/logo\/image\/"},"sameAs":["https:\/\/www.facebook.com\/GYMES.official"]},{"@type":"Person","@id":"https:\/\/gymes.eu\/#\/schema\/person\/f24d3742350d642be8c21fd9aeccd085","name":"gymes","image":{"@type":"ImageObject","inLanguage":"en-GB","@id":"https:\/\/secure.gravatar.com\/avatar\/5ffd6d49a25a23e54b954e2afda726cfbb59c3117d8f31d947b0a0cbb6f7cca7?s=96&d=mm&r=g","url":"https:\/\/secure.gravatar.com\/avatar\/5ffd6d49a25a23e54b954e2afda726cfbb59c3117d8f31d947b0a0cbb6f7cca7?s=96&d=mm&r=g","contentUrl":"https:\/\/secure.gravatar.com\/avatar\/5ffd6d49a25a23e54b954e2afda726cfbb59c3117d8f31d947b0a0cbb6f7cca7?s=96&d=mm&r=g","caption":"gymes"},"url":"https:\/\/gymes.eu\/en\/author\/gymes\/"}]}},"_links":{"self":[{"href":"https:\/\/gymes.eu\/en\/wp-json\/wp\/v2\/posts\/3017","targetHints":{"allow":["GET"]}}],"collection":[{"href":"https:\/\/gymes.eu\/en\/wp-json\/wp\/v2\/posts"}],"about":[{"href":"https:\/\/gymes.eu\/en\/wp-json\/wp\/v2\/types\/post"}],"author":[{"embeddable":true,"href":"https:\/\/gymes.eu\/en\/wp-json\/wp\/v2\/users\/2"}],"replies":[{"embeddable":true,"href":"https:\/\/gymes.eu\/en\/wp-json\/wp\/v2\/comments?post=3017"}],"version-history":[{"count":0,"href":"https:\/\/gymes.eu\/en\/wp-json\/wp\/v2\/posts\/3017\/revisions"}],"wp:attachment":[{"href":"https:\/\/gymes.eu\/en\/wp-json\/wp\/v2\/media?parent=3017"}],"wp:term":[{"taxonomy":"category","embeddable":true,"href":"https:\/\/gymes.eu\/en\/wp-json\/wp\/v2\/categories?post=3017"},{"taxonomy":"post_tag","embeddable":true,"href":"https:\/\/gymes.eu\/en\/wp-json\/wp\/v2\/tags?post=3017"}],"curies":[{"name":"wp","href":"https:\/\/api.w.org\/{rel}","templated":true}]}}