{"id":1996,"date":"2022-08-26T13:32:30","date_gmt":"2022-08-26T11:32:30","guid":{"rendered":"https:\/\/gymes.eu\/?p=1996"},"modified":"2022-08-26T13:32:30","modified_gmt":"2022-08-26T11:32:30","slug":"oznam-obedy-v-skolskej-jedalni","status":"publish","type":"post","link":"https:\/\/gymes.eu\/en\/2022\/08\/26\/oznam-obedy-v-skolskej-jedalni\/","title":{"rendered":"OZNAM &#8211; OBEDY v \u0161kolskej jed\u00e1lni"},"content":{"rendered":"<p class=\"wp-block-paragraph\">V\u00e1\u017een\u00ed rodi\u010dia a \u017eiaci,<\/p>\n\n\n\n<p class=\"wp-block-paragraph\">v pr\u00edlohe n\u00e1jdete z\u00e1pisn\u00fd l\u00edstok na stravovanie v \u0161kolskej jed\u00e1lni. \u0160kolsk\u00e1 jed\u00e1le\u0148 poskytuje obedy pre \u017eiakov <strong>od pondelka 5. 9. 2022.<\/strong> Na tento de\u0148 je potrebn\u00e9 prihl\u00e1si\u0165 sa<strong> najnesk\u00f4r do piatku 2.9.2022 do 12:00 hod. <\/strong>mailom na adrese <strong>jedalen@gymes.eu<\/strong> , z\u00e1rove\u0148 je potrebn\u00e9 mailom zasla\u0165 vyplnen\u00fd a podp\u00edsan\u00fd z\u00e1pisn\u00fd l\u00edstok.<\/p>\n\n\n\n<div class=\"wp-block-file\"><a href=\"https:\/\/gymes.eu\/wp-content\/uploads\/2022\/08\/Zapisny-listok-Jedalen-22-23.docx\"><strong>Z\u00e1pisn\u00fd l\u00edstok- jed\u00e1le\u0148 2022_2023<\/strong><\/a><a href=\"https:\/\/gymes.eu\/wp-content\/uploads\/2022\/08\/Zapisny-listok-Jedalen-22-23.docx\" class=\"wp-block-file__button\" download>Stiahnu\u0165<\/a><\/div>\n\n\n\n<div data-wp-interactive=\"core\/file\" class=\"wp-block-file\"><object data-wp-bind--hidden=\"!state.hasPdfPreview\" hidden class=\"wp-block-file__embed\" data=\"https:\/\/gymes.eu\/wp-content\/uploads\/2022\/08\/zapisny-listok-jedalen-2022_2023.pdf\" type=\"application\/pdf\" style=\"width:100%;height:600px\" aria-label=\"Embed of Vlo\u017ei\u0165 &lt;strong&gt;Z&aacute;pisn&yacute; l&iacute;stok-jed&aacute;le\u0148 2022_2023&lt;\/strong&gt;..\"><\/object><a href=\"https:\/\/gymes.eu\/wp-content\/uploads\/2022\/08\/zapisny-listok-jedalen-2022_2023.pdf\"><strong>Z\u00e1pisn\u00fd l\u00edstok-jed\u00e1le\u0148 2022_2023<\/strong><\/a><a href=\"https:\/\/gymes.eu\/wp-content\/uploads\/2022\/08\/zapisny-listok-jedalen-2022_2023.pdf\" class=\"wp-block-file__button\" download>Stiahnu\u0165<\/a><\/div>","protected":false},"excerpt":{"rendered":"<p>V\u00e1\u017een\u00ed rodi\u010dia a \u017eiaci, v pr\u00edlohe n\u00e1jdete z\u00e1pisn\u00fd l\u00edstok na stravovanie v \u0161kolskej jed\u00e1lni. \u0160kolsk\u00e1 jed\u00e1le\u0148 poskytuje obedy pre \u017eiakov od pondelka 5. 9. 2022. Na tento de\u0148 je potrebn\u00e9 prihl\u00e1si\u0165 sa najnesk\u00f4r do piatku 2.9.2022 do 12:00 hod. mailom na adrese jedalen@gymes.eu , z\u00e1rove\u0148 je potrebn\u00e9 mailom zasla\u0165 vyplnen\u00fd a podp\u00edsan\u00fd z\u00e1pisn\u00fd l\u00edstok.<\/p>","protected":false},"author":2,"featured_media":0,"comment_status":"closed","ping_status":"closed","sticky":false,"template":"","format":"standard","meta":{"_acf_changed":false,"rs_blank_template":"","rs_page_bg_color":"","slide_template_v7":"","_monsterinsights_skip_tracking":false,"footnotes":""},"categories":[16],"tags":[],"class_list":["post-1996","post","type-post","status-publish","format-standard","hentry","category-oznamy"],"acf":[],"featured_image_src":{"landsacpe":false,"list":false,"medium":false,"full":false},"yoast_head":"<!-- This site is optimized with the Yoast SEO plugin v28.3 - https:\/\/yoast.com\/product\/yoast-seo-wordpress\/ -->\n<title>OZNAM - OBEDY v \u0161kolskej jed\u00e1lni - Gymn\u00e1zium sv. Edity Steinovej<\/title>\n<meta name=\"robots\" content=\"index, follow, max-snippet:-1, max-image-preview:large, max-video-preview:-1\" \/>\n<link rel=\"canonical\" href=\"https:\/\/gymes.eu\/en\/2022\/08\/26\/oznam-obedy-v-skolskej-jedalni\/\" \/>\n<meta property=\"og:locale\" content=\"en_GB\" \/>\n<meta property=\"og:type\" content=\"article\" \/>\n<meta property=\"og:title\" content=\"OZNAM - OBEDY v \u0161kolskej jed\u00e1lni - Gymn\u00e1zium sv. Edity Steinovej\" \/>\n<meta property=\"og:description\" content=\"V\u00e1\u017een\u00ed rodi\u010dia a \u017eiaci, v pr\u00edlohe n\u00e1jdete z\u00e1pisn\u00fd l\u00edstok na stravovanie v \u0161kolskej jed\u00e1lni. \u0160kolsk\u00e1 jed\u00e1le\u0148 poskytuje obedy pre \u017eiakov od pondelka 5. 9. 2022. Na tento de\u0148 je potrebn\u00e9 prihl\u00e1si\u0165 sa najnesk\u00f4r do piatku 2.9.2022 do 12:00 hod. mailom na adrese jedalen@gymes.eu , z\u00e1rove\u0148 je potrebn\u00e9 mailom zasla\u0165 vyplnen\u00fd a podp\u00edsan\u00fd z\u00e1pisn\u00fd l\u00edstok.\" \/>\n<meta property=\"og:url\" content=\"https:\/\/gymes.eu\/en\/2022\/08\/26\/oznam-obedy-v-skolskej-jedalni\/\" \/>\n<meta property=\"og:site_name\" content=\"Gymn\u00e1zium sv. Edity Steinovej\" \/>\n<meta property=\"article:publisher\" content=\"https:\/\/www.facebook.com\/GYMES.official\" \/>\n<meta property=\"article:published_time\" content=\"2022-08-26T11:32:30+00:00\" \/>\n<meta name=\"author\" content=\"gymes\" \/>\n<meta name=\"twitter:card\" content=\"summary_large_image\" \/>\n<meta name=\"twitter:label1\" content=\"Written by\" \/>\n\t<meta name=\"twitter:data1\" content=\"gymes\" \/>\n\t<meta name=\"twitter:label2\" content=\"Estimated reading time\" \/>\n\t<meta name=\"twitter:data2\" content=\"1 minute\" \/>\n<script type=\"application\/ld+json\" class=\"yoast-schema-graph\">{\"@context\":\"https:\\\/\\\/schema.org\",\"@graph\":[{\"@type\":\"Article\",\"@id\":\"https:\\\/\\\/gymes.eu\\\/2022\\\/08\\\/26\\\/oznam-obedy-v-skolskej-jedalni\\\/#article\",\"isPartOf\":{\"@id\":\"https:\\\/\\\/gymes.eu\\\/2022\\\/08\\\/26\\\/oznam-obedy-v-skolskej-jedalni\\\/\"},\"author\":{\"name\":\"gymes\",\"@id\":\"https:\\\/\\\/gymes.eu\\\/#\\\/schema\\\/person\\\/f24d3742350d642be8c21fd9aeccd085\"},\"headline\":\"OZNAM &#8211; OBEDY v \u0161kolskej jed\u00e1lni\",\"datePublished\":\"2022-08-26T11:32:30+00:00\",\"mainEntityOfPage\":{\"@id\":\"https:\\\/\\\/gymes.eu\\\/2022\\\/08\\\/26\\\/oznam-obedy-v-skolskej-jedalni\\\/\"},\"wordCount\":84,\"publisher\":{\"@id\":\"https:\\\/\\\/gymes.eu\\\/#organization\"},\"articleSection\":[\"Oznamy\"],\"inLanguage\":\"en-GB\"},{\"@type\":\"WebPage\",\"@id\":\"https:\\\/\\\/gymes.eu\\\/2022\\\/08\\\/26\\\/oznam-obedy-v-skolskej-jedalni\\\/\",\"url\":\"https:\\\/\\\/gymes.eu\\\/2022\\\/08\\\/26\\\/oznam-obedy-v-skolskej-jedalni\\\/\",\"name\":\"OZNAM - OBEDY v \u0161kolskej jed\u00e1lni - Gymn\u00e1zium sv. Edity Steinovej\",\"isPartOf\":{\"@id\":\"https:\\\/\\\/gymes.eu\\\/#website\"},\"datePublished\":\"2022-08-26T11:32:30+00:00\",\"breadcrumb\":{\"@id\":\"https:\\\/\\\/gymes.eu\\\/2022\\\/08\\\/26\\\/oznam-obedy-v-skolskej-jedalni\\\/#breadcrumb\"},\"inLanguage\":\"en-GB\",\"potentialAction\":[{\"@type\":\"ReadAction\",\"target\":[\"https:\\\/\\\/gymes.eu\\\/2022\\\/08\\\/26\\\/oznam-obedy-v-skolskej-jedalni\\\/\"]}]},{\"@type\":\"BreadcrumbList\",\"@id\":\"https:\\\/\\\/gymes.eu\\\/2022\\\/08\\\/26\\\/oznam-obedy-v-skolskej-jedalni\\\/#breadcrumb\",\"itemListElement\":[{\"@type\":\"ListItem\",\"position\":1,\"name\":\"Home\",\"item\":\"https:\\\/\\\/gymes.eu\\\/\"},{\"@type\":\"ListItem\",\"position\":2,\"name\":\"OZNAM &#8211; OBEDY v \u0161kolskej jed\u00e1lni\"}]},{\"@type\":\"WebSite\",\"@id\":\"https:\\\/\\\/gymes.eu\\\/#website\",\"url\":\"https:\\\/\\\/gymes.eu\\\/\",\"name\":\"Gymn\u00e1zium sv. Edity Steinovej\",\"description\":\"\",\"publisher\":{\"@id\":\"https:\\\/\\\/gymes.eu\\\/#organization\"},\"potentialAction\":[{\"@type\":\"SearchAction\",\"target\":{\"@type\":\"EntryPoint\",\"urlTemplate\":\"https:\\\/\\\/gymes.eu\\\/?s={search_term_string}\"},\"query-input\":{\"@type\":\"PropertyValueSpecification\",\"valueRequired\":true,\"valueName\":\"search_term_string\"}}],\"inLanguage\":\"en-GB\"},{\"@type\":\"Organization\",\"@id\":\"https:\\\/\\\/gymes.eu\\\/#organization\",\"name\":\"Gymn\u00e1zium sv. Edity Steinovej\",\"url\":\"https:\\\/\\\/gymes.eu\\\/\",\"logo\":{\"@type\":\"ImageObject\",\"inLanguage\":\"en-GB\",\"@id\":\"https:\\\/\\\/gymes.eu\\\/#\\\/schema\\\/logo\\\/image\\\/\",\"url\":\"https:\\\/\\\/gymes.eu\\\/wp-content\\\/uploads\\\/2024\\\/11\\\/gymesWEB.png\",\"contentUrl\":\"https:\\\/\\\/gymes.eu\\\/wp-content\\\/uploads\\\/2024\\\/11\\\/gymesWEB.png\",\"width\":300,\"height\":300,\"caption\":\"Gymn\u00e1zium sv. Edity Steinovej\"},\"image\":{\"@id\":\"https:\\\/\\\/gymes.eu\\\/#\\\/schema\\\/logo\\\/image\\\/\"},\"sameAs\":[\"https:\\\/\\\/www.facebook.com\\\/GYMES.official\"]},{\"@type\":\"Person\",\"@id\":\"https:\\\/\\\/gymes.eu\\\/#\\\/schema\\\/person\\\/f24d3742350d642be8c21fd9aeccd085\",\"name\":\"gymes\",\"image\":{\"@type\":\"ImageObject\",\"inLanguage\":\"en-GB\",\"@id\":\"https:\\\/\\\/secure.gravatar.com\\\/avatar\\\/5ffd6d49a25a23e54b954e2afda726cfbb59c3117d8f31d947b0a0cbb6f7cca7?s=96&d=mm&r=g\",\"url\":\"https:\\\/\\\/secure.gravatar.com\\\/avatar\\\/5ffd6d49a25a23e54b954e2afda726cfbb59c3117d8f31d947b0a0cbb6f7cca7?s=96&d=mm&r=g\",\"contentUrl\":\"https:\\\/\\\/secure.gravatar.com\\\/avatar\\\/5ffd6d49a25a23e54b954e2afda726cfbb59c3117d8f31d947b0a0cbb6f7cca7?s=96&d=mm&r=g\",\"caption\":\"gymes\"},\"url\":\"https:\\\/\\\/gymes.eu\\\/en\\\/author\\\/gymes\\\/\"}]}<\/script>\n<!-- \/ Yoast SEO plugin. -->","yoast_head_json":{"title":"OZNAM - OBEDY v \u0161kolskej jed\u00e1lni - Gymn\u00e1zium sv. Edity Steinovej","robots":{"index":"index","follow":"follow","max-snippet":"max-snippet:-1","max-image-preview":"max-image-preview:large","max-video-preview":"max-video-preview:-1"},"canonical":"https:\/\/gymes.eu\/en\/2022\/08\/26\/oznam-obedy-v-skolskej-jedalni\/","og_locale":"en_GB","og_type":"article","og_title":"OZNAM - OBEDY v \u0161kolskej jed\u00e1lni - Gymn\u00e1zium sv. Edity Steinovej","og_description":"V\u00e1\u017een\u00ed rodi\u010dia a \u017eiaci, v pr\u00edlohe n\u00e1jdete z\u00e1pisn\u00fd l\u00edstok na stravovanie v \u0161kolskej jed\u00e1lni. \u0160kolsk\u00e1 jed\u00e1le\u0148 poskytuje obedy pre \u017eiakov od pondelka 5. 9. 2022. Na tento de\u0148 je potrebn\u00e9 prihl\u00e1si\u0165 sa najnesk\u00f4r do piatku 2.9.2022 do 12:00 hod. mailom na adrese jedalen@gymes.eu , z\u00e1rove\u0148 je potrebn\u00e9 mailom zasla\u0165 vyplnen\u00fd a podp\u00edsan\u00fd z\u00e1pisn\u00fd l\u00edstok.","og_url":"https:\/\/gymes.eu\/en\/2022\/08\/26\/oznam-obedy-v-skolskej-jedalni\/","og_site_name":"Gymn\u00e1zium sv. Edity Steinovej","article_publisher":"https:\/\/www.facebook.com\/GYMES.official","article_published_time":"2022-08-26T11:32:30+00:00","author":"gymes","twitter_card":"summary_large_image","twitter_misc":{"Written by":"gymes","Estimated reading time":"1 minute"},"schema":{"@context":"https:\/\/schema.org","@graph":[{"@type":"Article","@id":"https:\/\/gymes.eu\/2022\/08\/26\/oznam-obedy-v-skolskej-jedalni\/#article","isPartOf":{"@id":"https:\/\/gymes.eu\/2022\/08\/26\/oznam-obedy-v-skolskej-jedalni\/"},"author":{"name":"gymes","@id":"https:\/\/gymes.eu\/#\/schema\/person\/f24d3742350d642be8c21fd9aeccd085"},"headline":"OZNAM &#8211; OBEDY v \u0161kolskej jed\u00e1lni","datePublished":"2022-08-26T11:32:30+00:00","mainEntityOfPage":{"@id":"https:\/\/gymes.eu\/2022\/08\/26\/oznam-obedy-v-skolskej-jedalni\/"},"wordCount":84,"publisher":{"@id":"https:\/\/gymes.eu\/#organization"},"articleSection":["Oznamy"],"inLanguage":"en-GB"},{"@type":"WebPage","@id":"https:\/\/gymes.eu\/2022\/08\/26\/oznam-obedy-v-skolskej-jedalni\/","url":"https:\/\/gymes.eu\/2022\/08\/26\/oznam-obedy-v-skolskej-jedalni\/","name":"OZNAM - OBEDY v \u0161kolskej jed\u00e1lni - Gymn\u00e1zium sv. Edity Steinovej","isPartOf":{"@id":"https:\/\/gymes.eu\/#website"},"datePublished":"2022-08-26T11:32:30+00:00","breadcrumb":{"@id":"https:\/\/gymes.eu\/2022\/08\/26\/oznam-obedy-v-skolskej-jedalni\/#breadcrumb"},"inLanguage":"en-GB","potentialAction":[{"@type":"ReadAction","target":["https:\/\/gymes.eu\/2022\/08\/26\/oznam-obedy-v-skolskej-jedalni\/"]}]},{"@type":"BreadcrumbList","@id":"https:\/\/gymes.eu\/2022\/08\/26\/oznam-obedy-v-skolskej-jedalni\/#breadcrumb","itemListElement":[{"@type":"ListItem","position":1,"name":"Home","item":"https:\/\/gymes.eu\/"},{"@type":"ListItem","position":2,"name":"OZNAM &#8211; OBEDY v \u0161kolskej jed\u00e1lni"}]},{"@type":"WebSite","@id":"https:\/\/gymes.eu\/#website","url":"https:\/\/gymes.eu\/","name":"Gymn\u00e1zium sv. Edity Steinovej","description":"","publisher":{"@id":"https:\/\/gymes.eu\/#organization"},"potentialAction":[{"@type":"SearchAction","target":{"@type":"EntryPoint","urlTemplate":"https:\/\/gymes.eu\/?s={search_term_string}"},"query-input":{"@type":"PropertyValueSpecification","valueRequired":true,"valueName":"search_term_string"}}],"inLanguage":"en-GB"},{"@type":"Organization","@id":"https:\/\/gymes.eu\/#organization","name":"Gymn\u00e1zium sv. Edity Steinovej","url":"https:\/\/gymes.eu\/","logo":{"@type":"ImageObject","inLanguage":"en-GB","@id":"https:\/\/gymes.eu\/#\/schema\/logo\/image\/","url":"https:\/\/gymes.eu\/wp-content\/uploads\/2024\/11\/gymesWEB.png","contentUrl":"https:\/\/gymes.eu\/wp-content\/uploads\/2024\/11\/gymesWEB.png","width":300,"height":300,"caption":"Gymn\u00e1zium sv. Edity Steinovej"},"image":{"@id":"https:\/\/gymes.eu\/#\/schema\/logo\/image\/"},"sameAs":["https:\/\/www.facebook.com\/GYMES.official"]},{"@type":"Person","@id":"https:\/\/gymes.eu\/#\/schema\/person\/f24d3742350d642be8c21fd9aeccd085","name":"gymes","image":{"@type":"ImageObject","inLanguage":"en-GB","@id":"https:\/\/secure.gravatar.com\/avatar\/5ffd6d49a25a23e54b954e2afda726cfbb59c3117d8f31d947b0a0cbb6f7cca7?s=96&d=mm&r=g","url":"https:\/\/secure.gravatar.com\/avatar\/5ffd6d49a25a23e54b954e2afda726cfbb59c3117d8f31d947b0a0cbb6f7cca7?s=96&d=mm&r=g","contentUrl":"https:\/\/secure.gravatar.com\/avatar\/5ffd6d49a25a23e54b954e2afda726cfbb59c3117d8f31d947b0a0cbb6f7cca7?s=96&d=mm&r=g","caption":"gymes"},"url":"https:\/\/gymes.eu\/en\/author\/gymes\/"}]}},"_links":{"self":[{"href":"https:\/\/gymes.eu\/en\/wp-json\/wp\/v2\/posts\/1996","targetHints":{"allow":["GET"]}}],"collection":[{"href":"https:\/\/gymes.eu\/en\/wp-json\/wp\/v2\/posts"}],"about":[{"href":"https:\/\/gymes.eu\/en\/wp-json\/wp\/v2\/types\/post"}],"author":[{"embeddable":true,"href":"https:\/\/gymes.eu\/en\/wp-json\/wp\/v2\/users\/2"}],"replies":[{"embeddable":true,"href":"https:\/\/gymes.eu\/en\/wp-json\/wp\/v2\/comments?post=1996"}],"version-history":[{"count":0,"href":"https:\/\/gymes.eu\/en\/wp-json\/wp\/v2\/posts\/1996\/revisions"}],"wp:attachment":[{"href":"https:\/\/gymes.eu\/en\/wp-json\/wp\/v2\/media?parent=1996"}],"wp:term":[{"taxonomy":"category","embeddable":true,"href":"https:\/\/gymes.eu\/en\/wp-json\/wp\/v2\/categories?post=1996"},{"taxonomy":"post_tag","embeddable":true,"href":"https:\/\/gymes.eu\/en\/wp-json\/wp\/v2\/tags?post=1996"}],"curies":[{"name":"wp","href":"https:\/\/api.w.org\/{rel}","templated":true}]}}